{"id":12550,"date":"2022-11-23T10:02:32","date_gmt":"2022-11-23T09:02:32","guid":{"rendered":"https:\/\/agora.xtec.cat\/escolalavilapalamos\/?p=12550"},"modified":"2022-11-29T09:48:17","modified_gmt":"2022-11-29T08:48:17","slug":"el-consell-dinfants","status":"publish","type":"post","link":"https:\/\/agora.xtec.cat\/escolalavilapalamos\/general\/el-consell-dinfants\/","title":{"rendered":"El consell d&#8217;infants de La Vila"},"content":{"rendered":"<p><b><img loading=\"lazy\" decoding=\"async\" class=\"wp-image-12552 alignright\" src=\"https:\/\/agora.xtec.cat\/escolalavilapalamos\/wp-content\/uploads\/usu897\/2022\/11\/WhatsApp-Image-2022-11-22-at-18.50.10.jpeg\" alt=\"\" width=\"577\" height=\"368\" srcset=\"https:\/\/agora.xtec.cat\/escolalavilapalamos\/wp-content\/uploads\/usu897\/2022\/11\/WhatsApp-Image-2022-11-22-at-18.50.10.jpeg 1921w, https:\/\/agora.xtec.cat\/escolalavilapalamos\/wp-content\/uploads\/usu897\/2022\/11\/WhatsApp-Image-2022-11-22-at-18.50.10-300x191.jpeg 300w, https:\/\/agora.xtec.cat\/escolalavilapalamos\/wp-content\/uploads\/usu897\/2022\/11\/WhatsApp-Image-2022-11-22-at-18.50.10-1024x654.jpeg 1024w, https:\/\/agora.xtec.cat\/escolalavilapalamos\/wp-content\/uploads\/usu897\/2022\/11\/WhatsApp-Image-2022-11-22-at-18.50.10-768x490.jpeg 768w, https:\/\/agora.xtec.cat\/escolalavilapalamos\/wp-content\/uploads\/usu897\/2022\/11\/WhatsApp-Image-2022-11-22-at-18.50.10-1536x980.jpeg 1536w\" sizes=\"auto, (max-width: 577px) 100vw, 577px\" \/><\/b><\/p>\n<p>A l&#8217; escola La Vila aquest curs 22-23 hem iniciat<b> el Consell d\u2019infants. <\/b><\/p>\n<p><strong>El consell d&#8217;infants<\/strong> \u00e9s un \u00f2rgan consultiu de l\u2019 escola que ha de permetre la participaci\u00f3 dels infants a l\u2019hora d\u2019expressar les seves opinions i els seus interessos en tots aquells assumptes de l\u2019escola. La participaci\u00f3 dels alumnes en la pressa de decisions del centre es troba a la base de la din\u00e0mica democr\u00e0tica i de la governan\u00e7a.<\/p>\n<p>Es reivindica, aix\u00ed, la participaci\u00f3 dels infants en la vida p\u00fablica com una forma de millorar la seva qualitat de vida i la de la resta d\u2019alumnes, d\u2019una banda, i la democr\u00e0cia com a sistema pol\u00edtic, d\u2019una altra. <b>El Consell d\u2019infants<\/b> \u00e9s, fonamentalment, un espai de participaci\u00f3 pol\u00edtica dels infants, amb conseq\u00fc\u00e8ncies i efectes educatius, per\u00f2 que t\u00e9 per missi\u00f3 principal: <b>la presa de poder per expressar la seva opini\u00f3, les seves propostes i les seves demandes com a ciutadans-infants<\/b>.<\/p>\n<p>Una vegada al mes els delegats\/des i\/o representants de 6\u00e8 recullen les propostes de totes les assemblees d&#8217;aula que portaran al consell d&#8217;infants, preparen l&#8217;ordre del dia i organitzen el consell. Una vegada fet el consell d&#8217;infants aixequen una acta que comparteixen amb totes les aules. <a href=\"https:\/\/drive.google.com\/file\/d\/1AVNPcmgkOyH14orUsQ_gX10ivNu90CwD\/view?usp=sharing\">M\u00e9s informaci\u00f3 del consell d&#8217;infants aqu\u00ed<\/a><\/p>\n<p>El <strong>dimarts 22 de novembre<\/strong> hem fet el primer consell d&#8217;infants. L&#8217;ordre del dia de la trobada es fa a partir de les propostes que es porten a terme a les assemblees de les aules. En el primer consell d&#8217;infants del curs van sortir moltes propostes i demandes de les classes referents als patis, el menjador, els lavabos, queixes, etc. Podeu consultar l&#8217;<a href=\"https:\/\/drive.google.com\/file\/d\/1QWwwym4Y0Q5ZFpcEmdQyjrV3IbFlbYP3\/view?usp=sharing\">ordre del dia aqu\u00ed<\/a>.<\/p>\n<p>Ens tornarem a trobar el dilluns 28 de novembre per continuar l&#8217;ordre del dia. Despr\u00e9s farem una acta amb els acords del Consell d&#8217;Infants.<\/p>\n<p>Podeu veure un<a href=\"https:\/\/photos.app.goo.gl\/J9ydHjXvELiTwp5P8\"> recull de fotos del Consell d&#8217;Infants aqu\u00ed.<\/a><\/p>\n","protected":false},"excerpt":{"rendered":"<p>A l&#8217; escola La Vila aquest curs 22-23 hem iniciat el Consell d\u2019infants.<br \/>\nEl consell d&#8217;infants \u00e9s un \u00f2rgan consultiu de l\u2019 escola que ha de permetre la participaci\u00f3 dels infants a l\u2019hora d\u2019expressar les seves opinions i els seus interessos en tots aquells assumptes&hellip;  <a href=\"https:\/\/agora.xtec.cat\/escolalavilapalamos\/general\/el-consell-dinfants\/\" title=\"Read El consell d&#8217;infants de La Vila\">Llegeix m\u00e9s\u00bb<\/a><\/p>\n","protected":false},"author":1,"featured_media":12528,"comment_status":"open","ping_status":"closed","sticky":false,"template":"","format":"standard","meta":{"_bbp_topic_count":0,"_bbp_reply_count":0,"_bbp_total_topic_count":0,"_bbp_total_reply_count":0,"_bbp_voice_count":0,"_bbp_anonymous_reply_count":0,"_bbp_topic_count_hidden":0,"_bbp_reply_count_hidden":0,"_bbp_forum_subforum_count":0,"footnotes":""},"categories":[128,127,2,1,4],"tags":[],"class_list":["post-12550","post","type-post","status-publish","format-standard","has-post-thumbnail","hentry","category-comunitat-de-grans","category-comunitat-de-mitjans","category-infantil","category-general","category-portada"],"post_mailing_queue_ids":[],"_links":{"self":[{"href":"https:\/\/agora.xtec.cat\/escolalavilapalamos\/wp-json\/wp\/v2\/posts\/12550","targetHints":{"allow":["GET"]}}],"collection":[{"href":"https:\/\/agora.xtec.cat\/escolalavilapalamos\/wp-json\/wp\/v2\/posts"}],"about":[{"href":"https:\/\/agora.xtec.cat\/escolalavilapalamos\/wp-json\/wp\/v2\/types\/post"}],"author":[{"embeddable":true,"href":"https:\/\/agora.xtec.cat\/escolalavilapalamos\/wp-json\/wp\/v2\/users\/1"}],"replies":[{"embeddable":true,"href":"https:\/\/agora.xtec.cat\/escolalavilapalamos\/wp-json\/wp\/v2\/comments?post=12550"}],"version-history":[{"count":3,"href":"https:\/\/agora.xtec.cat\/escolalavilapalamos\/wp-json\/wp\/v2\/posts\/12550\/revisions"}],"predecessor-version":[{"id":12575,"href":"https:\/\/agora.xtec.cat\/escolalavilapalamos\/wp-json\/wp\/v2\/posts\/12550\/revisions\/12575"}],"wp:featuredmedia":[{"embeddable":true,"href":"https:\/\/agora.xtec.cat\/escolalavilapalamos\/wp-json\/wp\/v2\/media\/12528"}],"wp:attachment":[{"href":"https:\/\/agora.xtec.cat\/escolalavilapalamos\/wp-json\/wp\/v2\/media?parent=12550"}],"wp:term":[{"taxonomy":"category","embeddable":true,"href":"https:\/\/agora.xtec.cat\/escolalavilapalamos\/wp-json\/wp\/v2\/categories?post=12550"},{"taxonomy":"post_tag","embeddable":true,"href":"https:\/\/agora.xtec.cat\/escolalavilapalamos\/wp-json\/wp\/v2\/tags?post=12550"}],"curies":[{"name":"wp","href":"https:\/\/api.w.org\/{rel}","templated":true}]}}