{"id":12540,"date":"2022-11-18T17:56:59","date_gmt":"2022-11-18T16:56:59","guid":{"rendered":"https:\/\/agora.xtec.cat\/escolalavilapalamos\/?p=12540"},"modified":"2022-11-23T10:49:58","modified_gmt":"2022-11-23T09:49:58","slug":"visita-duna-experta-a-6e","status":"publish","type":"post","link":"https:\/\/agora.xtec.cat\/escolalavilapalamos\/portada\/visita-duna-experta-a-6e\/","title":{"rendered":"Visita d&#8217;una experta a 6\u00e8"},"content":{"rendered":"<p><span style=\"font-weight: 400;\">A les sessions de treball globalitzat de 6\u00e8 estem treballant <strong>l\u2019adolesc\u00e8ncia<\/strong> per entendre el perqu\u00e8 de tots els canvis que es produeixen en aquesta etapa de la vida. Per\u00f2 no nom\u00e9s ens hem centrat en entendre aquests canvis sin\u00f3 tamb\u00e9 en la import\u00e0ncia d\u2019adquirir uns bons h\u00e0bits saludables, tant pel que fa a alimentaci\u00f3 com a l\u2019activitat f\u00edsica.\u00a0<\/span><\/p>\n<p><span style=\"font-weight: 400;\">Per complementar els continguts apresos a l\u2019aula sobre alimentaci\u00f3 i nutrici\u00f3 hem tingut la sort de comptar amb la visita d\u2019una persona experta en diet\u00e8tica i nutrici\u00f3, la Cortes, que \u00e9s la mare de la Luc\u00eda de 6\u00e8B. Amb ella hem pogut repassar els aspectes essencials i hem tingut l\u2019oportunitat de preguntar-li tots els nostres dubtes, que han estat molts.<\/span><\/p>\n<p><span style=\"font-weight: 400;\">Ha sigut super interessant tot all\u00f2 que ens ha explicat i hem apr\u00e8s un munt de coses noves.\u00a0<\/span><\/p>\n<p><a href=\"https:\/\/agora.xtec.cat\/escolalavilapalamos\/wp-content\/uploads\/usu897\/2022\/11\/IMG_4693-scaled-e1668789362784.jpg\"><img loading=\"lazy\" decoding=\"async\" class=\"aligncenter size-large wp-image-12541\" src=\"https:\/\/agora.xtec.cat\/escolalavilapalamos\/wp-content\/uploads\/usu897\/2022\/11\/IMG_4693-1024x768.jpg\" alt=\"\" width=\"1024\" height=\"768\" \/><\/a><\/p>\n","protected":false},"excerpt":{"rendered":"<p>Visita d&#8217;una experta a 6\u00e8 per complementar tot all\u00f2 apr\u00e8s a les sessions de treball globalitzat.&hellip;  <a href=\"https:\/\/agora.xtec.cat\/escolalavilapalamos\/portada\/visita-duna-experta-a-6e\/\" title=\"Read Visita d&#8217;una experta a 6\u00e8\">Llegeix m\u00e9s\u00bb<\/a><\/p>\n","protected":false},"author":132,"featured_media":12556,"comment_status":"open","ping_status":"closed","sticky":false,"template":"","format":"standard","meta":{"_bbp_topic_count":0,"_bbp_reply_count":0,"_bbp_total_topic_count":0,"_bbp_total_reply_count":0,"_bbp_voice_count":0,"_bbp_anonymous_reply_count":0,"_bbp_topic_count_hidden":0,"_bbp_reply_count_hidden":0,"_bbp_forum_subforum_count":0,"footnotes":""},"categories":[15,128,4,5],"tags":[],"class_list":["post-12540","post","type-post","status-publish","format-standard","has-post-thumbnail","hentry","category-6e","category-comunitat-de-grans","category-portada","category-primaria"],"post_mailing_queue_ids":[],"_links":{"self":[{"href":"https:\/\/agora.xtec.cat\/escolalavilapalamos\/wp-json\/wp\/v2\/posts\/12540","targetHints":{"allow":["GET"]}}],"collection":[{"href":"https:\/\/agora.xtec.cat\/escolalavilapalamos\/wp-json\/wp\/v2\/posts"}],"about":[{"href":"https:\/\/agora.xtec.cat\/escolalavilapalamos\/wp-json\/wp\/v2\/types\/post"}],"author":[{"embeddable":true,"href":"https:\/\/agora.xtec.cat\/escolalavilapalamos\/wp-json\/wp\/v2\/users\/132"}],"replies":[{"embeddable":true,"href":"https:\/\/agora.xtec.cat\/escolalavilapalamos\/wp-json\/wp\/v2\/comments?post=12540"}],"version-history":[{"count":4,"href":"https:\/\/agora.xtec.cat\/escolalavilapalamos\/wp-json\/wp\/v2\/posts\/12540\/revisions"}],"predecessor-version":[{"id":12557,"href":"https:\/\/agora.xtec.cat\/escolalavilapalamos\/wp-json\/wp\/v2\/posts\/12540\/revisions\/12557"}],"wp:featuredmedia":[{"embeddable":true,"href":"https:\/\/agora.xtec.cat\/escolalavilapalamos\/wp-json\/wp\/v2\/media\/12556"}],"wp:attachment":[{"href":"https:\/\/agora.xtec.cat\/escolalavilapalamos\/wp-json\/wp\/v2\/media?parent=12540"}],"wp:term":[{"taxonomy":"category","embeddable":true,"href":"https:\/\/agora.xtec.cat\/escolalavilapalamos\/wp-json\/wp\/v2\/categories?post=12540"},{"taxonomy":"post_tag","embeddable":true,"href":"https:\/\/agora.xtec.cat\/escolalavilapalamos\/wp-json\/wp\/v2\/tags?post=12540"}],"curies":[{"name":"wp","href":"https:\/\/api.w.org\/{rel}","templated":true}]}}