{"id":12532,"date":"2022-11-18T14:47:23","date_gmt":"2022-11-18T13:47:23","guid":{"rendered":"https:\/\/agora.xtec.cat\/escolalavilapalamos\/?p=12532"},"modified":"2022-11-18T14:47:23","modified_gmt":"2022-11-18T13:47:23","slug":"sortida-al-passeig-de-palamos","status":"publish","type":"post","link":"https:\/\/agora.xtec.cat\/escolalavilapalamos\/general\/sortida-al-passeig-de-palamos\/","title":{"rendered":"Sortida al passeig de Palam\u00f3s"},"content":{"rendered":"<p style=\"text-align: justify;\"><img loading=\"lazy\" decoding=\"async\" class=\"wp-image-12535  alignleft\" src=\"https:\/\/agora.xtec.cat\/escolalavilapalamos\/wp-content\/uploads\/usu897\/2022\/11\/WhatsApp-Image-2022-11-11-at-15.48.08-2.jpeg\" alt=\"\" width=\"494\" height=\"222\" srcset=\"https:\/\/agora.xtec.cat\/escolalavilapalamos\/wp-content\/uploads\/usu897\/2022\/11\/WhatsApp-Image-2022-11-11-at-15.48.08-2.jpeg 2000w, https:\/\/agora.xtec.cat\/escolalavilapalamos\/wp-content\/uploads\/usu897\/2022\/11\/WhatsApp-Image-2022-11-11-at-15.48.08-2-300x135.jpeg 300w, https:\/\/agora.xtec.cat\/escolalavilapalamos\/wp-content\/uploads\/usu897\/2022\/11\/WhatsApp-Image-2022-11-11-at-15.48.08-2-1024x461.jpeg 1024w, https:\/\/agora.xtec.cat\/escolalavilapalamos\/wp-content\/uploads\/usu897\/2022\/11\/WhatsApp-Image-2022-11-11-at-15.48.08-2-768x346.jpeg 768w, https:\/\/agora.xtec.cat\/escolalavilapalamos\/wp-content\/uploads\/usu897\/2022\/11\/WhatsApp-Image-2022-11-11-at-15.48.08-2-1536x691.jpeg 1536w\" sizes=\"auto, (max-width: 494px) 100vw, 494px\" \/>Els nens i nenes\u00a0<span class=\"hiddenGrammarError\">de I5<\/span>\u00a0de l&#8217;escola\u00a0continuem treballant\u00a0Palam\u00f3s. Aquesta vegada hem sortit a visitar el Passeig i el Can\u00f3 de Palam\u00f3s. Primer hem visitat el Can\u00f3 i hem cantat una estrofa de l&#8217;havanera amb el seu nom. Tot passejant hem pogut descobrir escultures i fonts que sovint queden desapercebudes, com ara; l&#8217;Homenatge a la Mare, a la Sardana, als Escoltes, a la gent que va treballar al suro, Els Pescadors, l&#8217;\u00c0ncora\u00a0del vaixell\u00a0enfonsat\u00a0i la nostra estimada font de la Rosa dels Vents o de &#8220;les granotes&#8221; com diuen els nens. Hem\u00a0gaudit\u00a0molt petits i grans amb aquesta sortida.<\/p>\n<p>Esperem que us agradin les <a href=\"https:\/\/photos.app.goo.gl\/gMTG3sJ6xZyt5ytc9\">fotos<\/a><\/p>\n","protected":false},"excerpt":{"rendered":"<p>Els nens i nenes\u00a0de I5\u00a0de l&#8217;escola\u00a0continuem treballant\u00a0Palam\u00f3s. Aquesta vegada hem sortit a visitar el Passeig i el Can\u00f3 de Palam\u00f3s. Primer hem visitat el Can\u00f3 i hem cantat una estrofa de l&#8217;havanera amb el seu nom. Tot passejant hem pogut descobrir escultures i fonts que&hellip;  <a href=\"https:\/\/agora.xtec.cat\/escolalavilapalamos\/general\/sortida-al-passeig-de-palamos\/\" title=\"Read Sortida al passeig de Palam\u00f3s\">Llegeix m\u00e9s\u00bb<\/a><\/p>\n","protected":false},"author":128,"featured_media":12534,"comment_status":"open","ping_status":"closed","sticky":false,"template":"","format":"standard","meta":{"_bbp_topic_count":0,"_bbp_reply_count":0,"_bbp_total_topic_count":0,"_bbp_total_reply_count":0,"_bbp_voice_count":0,"_bbp_anonymous_reply_count":0,"_bbp_topic_count_hidden":0,"_bbp_reply_count_hidden":0,"_bbp_forum_subforum_count":0,"footnotes":""},"categories":[2,1,4],"tags":[],"class_list":["post-12532","post","type-post","status-publish","format-standard","has-post-thumbnail","hentry","category-infantil","category-general","category-portada"],"post_mailing_queue_ids":[],"_links":{"self":[{"href":"https:\/\/agora.xtec.cat\/escolalavilapalamos\/wp-json\/wp\/v2\/posts\/12532","targetHints":{"allow":["GET"]}}],"collection":[{"href":"https:\/\/agora.xtec.cat\/escolalavilapalamos\/wp-json\/wp\/v2\/posts"}],"about":[{"href":"https:\/\/agora.xtec.cat\/escolalavilapalamos\/wp-json\/wp\/v2\/types\/post"}],"author":[{"embeddable":true,"href":"https:\/\/agora.xtec.cat\/escolalavilapalamos\/wp-json\/wp\/v2\/users\/128"}],"replies":[{"embeddable":true,"href":"https:\/\/agora.xtec.cat\/escolalavilapalamos\/wp-json\/wp\/v2\/comments?post=12532"}],"version-history":[{"count":3,"href":"https:\/\/agora.xtec.cat\/escolalavilapalamos\/wp-json\/wp\/v2\/posts\/12532\/revisions"}],"predecessor-version":[{"id":12538,"href":"https:\/\/agora.xtec.cat\/escolalavilapalamos\/wp-json\/wp\/v2\/posts\/12532\/revisions\/12538"}],"wp:featuredmedia":[{"embeddable":true,"href":"https:\/\/agora.xtec.cat\/escolalavilapalamos\/wp-json\/wp\/v2\/media\/12534"}],"wp:attachment":[{"href":"https:\/\/agora.xtec.cat\/escolalavilapalamos\/wp-json\/wp\/v2\/media?parent=12532"}],"wp:term":[{"taxonomy":"category","embeddable":true,"href":"https:\/\/agora.xtec.cat\/escolalavilapalamos\/wp-json\/wp\/v2\/categories?post=12532"},{"taxonomy":"post_tag","embeddable":true,"href":"https:\/\/agora.xtec.cat\/escolalavilapalamos\/wp-json\/wp\/v2\/tags?post=12532"}],"curies":[{"name":"wp","href":"https:\/\/api.w.org\/{rel}","templated":true}]}}