{"id":12505,"date":"2022-11-18T08:00:33","date_gmt":"2022-11-18T07:00:33","guid":{"rendered":"https:\/\/agora.xtec.cat\/escolalavilapalamos\/?p=12505"},"modified":"2022-11-18T14:47:46","modified_gmt":"2022-11-18T13:47:46","slug":"viatge-de-final-de-curs-de-6e-8","status":"publish","type":"post","link":"https:\/\/agora.xtec.cat\/escolalavilapalamos\/general\/viatge-de-final-de-curs-de-6e-8\/","title":{"rendered":"Viatge de final de curs de 6\u00e8"},"content":{"rendered":"<p><img loading=\"lazy\" decoding=\"async\" class=\" wp-image-6437 alignright\" src=\"https:\/\/agora.xtec.cat\/escolalavilapalamos\/wp-content\/uploads\/usu897\/2019\/10\/portaventura-park_00_mini.png\" alt=\"\" width=\"438\" height=\"291\" srcset=\"https:\/\/agora.xtec.cat\/escolalavilapalamos\/wp-content\/uploads\/usu897\/2019\/10\/portaventura-park_00_mini.png 688w, https:\/\/agora.xtec.cat\/escolalavilapalamos\/wp-content\/uploads\/usu897\/2019\/10\/portaventura-park_00_mini-300x200.png 300w\" sizes=\"auto, (max-width: 438px) 100vw, 438px\" \/> Aquest any anirem de <strong>viatge de final de curs<\/strong> a Coma-ruga i Port Aventura, <strong>els dies 31 de maig, 1 i 2 de juny de 2023.<\/strong><\/p>\n<p>La col\u00b7laboraci\u00f3 de les fam\u00edlies en les activitats organitzades al llarg del curs passat ha fet que el viatge surti molt m\u00e9s econ\u00f2mic. Tamb\u00e9 comptem amb l&#8217;ajut de l&#8217; AMPA que ens cobreix el transport. <strong>El preu total ser\u00e0 de 60\u20ac i ho repartim amb dos pagaments<\/strong>. El preu inclou: autocar, estada de dos dies a l&#8217;hotel amb pensi\u00f3 completa, monitoratge, activitats esportives, trasllat, entrada i dinar a Port Aventura .<\/p>\n<p><strong>El primer pagament \u00e9s de 30<span class=\"atwho-query\">\u20ac. Cal fer l&#8217;ingr\u00e9s del 21 al 28 de novembre de 2022.<br \/>\n<\/span><\/strong><\/p>\n<p>S&#8217;ha de retornar l&#8217;autoritzaci\u00f3 i el resguard de pagament a l&#8217;escola. <a href=\"https:\/\/drive.google.com\/file\/d\/1XRpfjhE-9NtsabB8ccLnrqP1YwhW56mb\/view?usp=sharing\">Us podeu descarregar la circular aqu\u00ed<\/a><\/p>\n<p><strong>Cal retornar l&#8217;autoritzaci\u00f3 a l&#8217;escola abans del dimarts 30 de novembre.<\/strong><\/p>\n","protected":false},"excerpt":{"rendered":"<p> Aquest any anirem de viatge de final de curs a Coma-ruga i Port Aventura, els dies 31 de maig, 1 i 2 de juny de 2023.<br \/>\nLa col\u00b7laboraci\u00f3 de les fam\u00edlies en les activitats organitzades al llarg del curs passat ha fet que el viatge&hellip;  <a href=\"https:\/\/agora.xtec.cat\/escolalavilapalamos\/general\/viatge-de-final-de-curs-de-6e-8\/\" title=\"Read Viatge de final de curs de 6\u00e8\">Llegeix m\u00e9s\u00bb<\/a><\/p>\n","protected":false},"author":1,"featured_media":6437,"comment_status":"open","ping_status":"closed","sticky":false,"template":"","format":"standard","meta":{"_bbp_topic_count":0,"_bbp_reply_count":0,"_bbp_total_topic_count":0,"_bbp_total_reply_count":0,"_bbp_voice_count":0,"_bbp_anonymous_reply_count":0,"_bbp_topic_count_hidden":0,"_bbp_reply_count_hidden":0,"_bbp_forum_subforum_count":0,"footnotes":""},"categories":[7,128,1,4],"tags":[],"class_list":["post-12505","post","type-post","status-publish","format-standard","has-post-thumbnail","hentry","category-ampa","category-comunitat-de-grans","category-general","category-portada"],"post_mailing_queue_ids":[],"_links":{"self":[{"href":"https:\/\/agora.xtec.cat\/escolalavilapalamos\/wp-json\/wp\/v2\/posts\/12505","targetHints":{"allow":["GET"]}}],"collection":[{"href":"https:\/\/agora.xtec.cat\/escolalavilapalamos\/wp-json\/wp\/v2\/posts"}],"about":[{"href":"https:\/\/agora.xtec.cat\/escolalavilapalamos\/wp-json\/wp\/v2\/types\/post"}],"author":[{"embeddable":true,"href":"https:\/\/agora.xtec.cat\/escolalavilapalamos\/wp-json\/wp\/v2\/users\/1"}],"replies":[{"embeddable":true,"href":"https:\/\/agora.xtec.cat\/escolalavilapalamos\/wp-json\/wp\/v2\/comments?post=12505"}],"version-history":[{"count":3,"href":"https:\/\/agora.xtec.cat\/escolalavilapalamos\/wp-json\/wp\/v2\/posts\/12505\/revisions"}],"predecessor-version":[{"id":12509,"href":"https:\/\/agora.xtec.cat\/escolalavilapalamos\/wp-json\/wp\/v2\/posts\/12505\/revisions\/12509"}],"wp:featuredmedia":[{"embeddable":true,"href":"https:\/\/agora.xtec.cat\/escolalavilapalamos\/wp-json\/wp\/v2\/media\/6437"}],"wp:attachment":[{"href":"https:\/\/agora.xtec.cat\/escolalavilapalamos\/wp-json\/wp\/v2\/media?parent=12505"}],"wp:term":[{"taxonomy":"category","embeddable":true,"href":"https:\/\/agora.xtec.cat\/escolalavilapalamos\/wp-json\/wp\/v2\/categories?post=12505"},{"taxonomy":"post_tag","embeddable":true,"href":"https:\/\/agora.xtec.cat\/escolalavilapalamos\/wp-json\/wp\/v2\/tags?post=12505"}],"curies":[{"name":"wp","href":"https:\/\/api.w.org\/{rel}","templated":true}]}}