{"id":12496,"date":"2022-11-16T10:04:58","date_gmt":"2022-11-16T09:04:58","guid":{"rendered":"https:\/\/agora.xtec.cat\/escolalavilapalamos\/?p=12496"},"modified":"2022-11-17T09:35:01","modified_gmt":"2022-11-17T08:35:01","slug":"mercat-de-la-joguina-solidaria-2","status":"publish","type":"post","link":"https:\/\/agora.xtec.cat\/escolalavilapalamos\/general\/mercat-de-la-joguina-solidaria-2\/","title":{"rendered":"Mercat de la joguina solid\u00e0ria"},"content":{"rendered":"<p><img loading=\"lazy\" decoding=\"async\" class=\"wp-image-12503 alignleft\" src=\"https:\/\/agora.xtec.cat\/escolalavilapalamos\/wp-content\/uploads\/usu897\/2022\/11\/Cartell-Mercat-joguina-solidaria-2022.png\" alt=\"\" width=\"359\" height=\"508\" srcset=\"https:\/\/agora.xtec.cat\/escolalavilapalamos\/wp-content\/uploads\/usu897\/2022\/11\/Cartell-Mercat-joguina-solidaria-2022.png 1587w, https:\/\/agora.xtec.cat\/escolalavilapalamos\/wp-content\/uploads\/usu897\/2022\/11\/Cartell-Mercat-joguina-solidaria-2022-212x300.png 212w, https:\/\/agora.xtec.cat\/escolalavilapalamos\/wp-content\/uploads\/usu897\/2022\/11\/Cartell-Mercat-joguina-solidaria-2022-724x1024.png 724w, https:\/\/agora.xtec.cat\/escolalavilapalamos\/wp-content\/uploads\/usu897\/2022\/11\/Cartell-Mercat-joguina-solidaria-2022-768x1086.png 768w, https:\/\/agora.xtec.cat\/escolalavilapalamos\/wp-content\/uploads\/usu897\/2022\/11\/Cartell-Mercat-joguina-solidaria-2022-1086x1536.png 1086w, https:\/\/agora.xtec.cat\/escolalavilapalamos\/wp-content\/uploads\/usu897\/2022\/11\/Cartell-Mercat-joguina-solidaria-2022-1448x2048.png 1448w\" sizes=\"auto, (max-width: 359px) 100vw, 359px\" \/>La Taula Palam\u00f3s Solidari ha convidat a les escoles de Palam\u00f3s a participar en el projecte que dur\u00e0 a terme aquesta campanya de Nadal,<strong> el Mercat de la Joguina Solid\u00e0ria.<\/strong><\/p>\n<p>Tots tenim a casa <strong>joguines en bon estat<\/strong> i que els nostres fills i filles ja no utilitzen. Aquestes joguines poden tenir una nova vida en mans d\u2019altres infants sempre i quan estiguin en bon estat.<br \/>\nEs muntar\u00e0 un mercat solidari de jocs i joguines. Es contempla com un projecte de tres dimensions: per una banda, ens ajuda a educar als nostres infants fent-los ser conscients del valor de les coses, de les necessitats de la gent que tenim al nostre entorn i de la import\u00e0ncia de reutilitzar i reciclar; a m\u00e9s, d\u00f3na l\u2019oportunitat a moltes fam\u00edlies de poder oferir joguines als seus infants sense necessitat de fer front a grans despeses que suposaria comprar-les noves,els diners aconseguits amb aquest mercat van destinats a un projecte de caire solidari escollit d\u2019entre totes les propostes que han arribat a la Taula Palam\u00f3s Solidari<strong>.<\/strong><\/p>\n<p><strong>La recollida de joguines es far\u00e0 a les hores d\u2019entrada a classe del dilluns 21 de novembre al divendres 25 de novembre.<\/strong> \u00a0<strong>Cal que les joguines estiguin revisades i en bon estat.\u00a0<\/strong> Caldr\u00e0 deixar les joguines sota l&#8217;escala davant del lavabo (de baix) o a l&#8217;entrada d&#8217;infantil\u00a0 (sota l&#8217;escala).<\/p>\n<p><strong>El mercat solidari de joguines ser\u00e0 els dies 10 i 17 de desembre a la Pla\u00e7a dels arbres \u00a0durant tot el dia, de 10 a 20h. <\/strong>En cas de mal temps el mercat es trobar\u00e0 situat a l\u2019Espai Jove.<\/p>\n<p>Gr\u00e0cies per la vostra atenci\u00f3 i col\u00b7laboraci\u00f3.<\/p>\n<p>Descarrega&#8217;t <a href=\"https:\/\/drive.google.com\/file\/d\/1HlogckxQDDPoWYT1-tjCyeOrffCZy741\/view?usp=sharing\">la circular del Mercat de Joguina solid\u00e0ria<\/a>.<\/p>\n","protected":false},"excerpt":{"rendered":"<p>La Taula Palam\u00f3s Solidari ha convidat a les escoles de Palam\u00f3s a participar en el projecte que dur\u00e0 a terme aquesta campanya de Nadal, el Mercat de la Joguina Solid\u00e0ria.<br \/>\nTots tenim a casa joguines en bon estat i que els nostres fills i filles ja&hellip;  <a href=\"https:\/\/agora.xtec.cat\/escolalavilapalamos\/general\/mercat-de-la-joguina-solidaria-2\/\" title=\"Read Mercat de la joguina solid\u00e0ria\">Llegeix m\u00e9s\u00bb<\/a><\/p>\n","protected":false},"author":1,"featured_media":12503,"comment_status":"open","ping_status":"closed","sticky":false,"template":"","format":"standard","meta":{"_bbp_topic_count":0,"_bbp_reply_count":0,"_bbp_total_topic_count":0,"_bbp_total_reply_count":0,"_bbp_voice_count":0,"_bbp_anonymous_reply_count":0,"_bbp_topic_count_hidden":0,"_bbp_reply_count_hidden":0,"_bbp_forum_subforum_count":0,"footnotes":""},"categories":[7,1,4],"tags":[],"class_list":["post-12496","post","type-post","status-publish","format-standard","has-post-thumbnail","hentry","category-ampa","category-general","category-portada"],"post_mailing_queue_ids":[],"_links":{"self":[{"href":"https:\/\/agora.xtec.cat\/escolalavilapalamos\/wp-json\/wp\/v2\/posts\/12496","targetHints":{"allow":["GET"]}}],"collection":[{"href":"https:\/\/agora.xtec.cat\/escolalavilapalamos\/wp-json\/wp\/v2\/posts"}],"about":[{"href":"https:\/\/agora.xtec.cat\/escolalavilapalamos\/wp-json\/wp\/v2\/types\/post"}],"author":[{"embeddable":true,"href":"https:\/\/agora.xtec.cat\/escolalavilapalamos\/wp-json\/wp\/v2\/users\/1"}],"replies":[{"embeddable":true,"href":"https:\/\/agora.xtec.cat\/escolalavilapalamos\/wp-json\/wp\/v2\/comments?post=12496"}],"version-history":[{"count":4,"href":"https:\/\/agora.xtec.cat\/escolalavilapalamos\/wp-json\/wp\/v2\/posts\/12496\/revisions"}],"predecessor-version":[{"id":12524,"href":"https:\/\/agora.xtec.cat\/escolalavilapalamos\/wp-json\/wp\/v2\/posts\/12496\/revisions\/12524"}],"wp:featuredmedia":[{"embeddable":true,"href":"https:\/\/agora.xtec.cat\/escolalavilapalamos\/wp-json\/wp\/v2\/media\/12503"}],"wp:attachment":[{"href":"https:\/\/agora.xtec.cat\/escolalavilapalamos\/wp-json\/wp\/v2\/media?parent=12496"}],"wp:term":[{"taxonomy":"category","embeddable":true,"href":"https:\/\/agora.xtec.cat\/escolalavilapalamos\/wp-json\/wp\/v2\/categories?post=12496"},{"taxonomy":"post_tag","embeddable":true,"href":"https:\/\/agora.xtec.cat\/escolalavilapalamos\/wp-json\/wp\/v2\/tags?post=12496"}],"curies":[{"name":"wp","href":"https:\/\/api.w.org\/{rel}","templated":true}]}}