{"id":12486,"date":"2022-11-10T12:50:00","date_gmt":"2022-11-10T11:50:00","guid":{"rendered":"https:\/\/agora.xtec.cat\/escolalavilapalamos\/?p=12486"},"modified":"2022-11-10T13:01:50","modified_gmt":"2022-11-10T12:01:50","slug":"matematiques-a-5e","status":"publish","type":"post","link":"https:\/\/agora.xtec.cat\/escolalavilapalamos\/general\/matematiques-a-5e\/","title":{"rendered":"Matem\u00e0tiques a 5\u00e8"},"content":{"rendered":"<p><b>I tu? com retallar\u00edes un full dinA-4 per passar-hi a trav\u00e9s?\u00a0<\/b><\/p>\n<p><span style=\"font-weight: 400;\">Aquest \u00e9s un dels reptes que hem resolt amb els alumnes de 5\u00e8. Al llarg de la setmana fem 4 grups per fer 2 sessions de laboratori, on treballem els conceptes de numeraci\u00f3 i el c\u00e0lcul, una sessi\u00f3 de reptes on de forma transversal treballem\u00a0 la deducci\u00f3 i descoberta dels continguts, i una\u00a0 en gran grup utilitzant\u00a0 l\u2019app d\u2019innovamat on anem consolidant tots el conceptes treballats a matem\u00e0tiques.<\/span><\/p>\n<p><b>Aqu\u00ed<\/b><span style=\"font-weight: 400;\"> podeu veure les fotografies (cliqueu la imatge)<br \/>\n<\/span><\/p>\n<p><span style=\"font-weight: 400;\">. <a href=\"https:\/\/photos.app.goo.gl\/hnJJyNjXSwPnPcVv8\"><img decoding=\"async\" src=\"https:\/\/lh3.googleusercontent.com\/pw\/AL9nZEXP5sqo5aR2N6uJsfXM66EPbxAdkdmzy-MEU_Sf1FsDkBL8Okw7uyrxY7LwsJhuyc9xARNEaYAVRYT8HzmERQdOnKNLkpvQ9eS-Jkhu6bWaPQJZOXOgSvDXMYCdbId04lJIwnQ_-1M5T1zTyhKIDTF2=w553-h345-no?authuser=1\" \/><\/a><\/span><\/p>\n","protected":false},"excerpt":{"rendered":"<p>I tu? com retallar\u00edes un full dinA-4 per passar-hi a trav\u00e9s?\u00a0<br \/>\nAquest \u00e9s un dels reptes que hem resolt amb els alumnes de 5\u00e8. Al llarg de la setmana fem 4 grups per fer 2 sessions de laboratori, on treballem els conceptes de numeraci\u00f3 i el&hellip;  <a href=\"https:\/\/agora.xtec.cat\/escolalavilapalamos\/general\/matematiques-a-5e\/\" title=\"Read Matem\u00e0tiques a 5\u00e8\">Llegeix m\u00e9s\u00bb<\/a><\/p>\n","protected":false},"author":132,"featured_media":12491,"comment_status":"open","ping_status":"closed","sticky":false,"template":"","format":"standard","meta":{"_bbp_topic_count":0,"_bbp_reply_count":0,"_bbp_total_topic_count":0,"_bbp_total_reply_count":0,"_bbp_voice_count":0,"_bbp_anonymous_reply_count":0,"_bbp_topic_count_hidden":0,"_bbp_reply_count_hidden":0,"_bbp_forum_subforum_count":0,"footnotes":""},"categories":[128,1,4],"tags":[],"class_list":["post-12486","post","type-post","status-publish","format-standard","has-post-thumbnail","hentry","category-comunitat-de-grans","category-general","category-portada"],"post_mailing_queue_ids":[],"_links":{"self":[{"href":"https:\/\/agora.xtec.cat\/escolalavilapalamos\/wp-json\/wp\/v2\/posts\/12486","targetHints":{"allow":["GET"]}}],"collection":[{"href":"https:\/\/agora.xtec.cat\/escolalavilapalamos\/wp-json\/wp\/v2\/posts"}],"about":[{"href":"https:\/\/agora.xtec.cat\/escolalavilapalamos\/wp-json\/wp\/v2\/types\/post"}],"author":[{"embeddable":true,"href":"https:\/\/agora.xtec.cat\/escolalavilapalamos\/wp-json\/wp\/v2\/users\/132"}],"replies":[{"embeddable":true,"href":"https:\/\/agora.xtec.cat\/escolalavilapalamos\/wp-json\/wp\/v2\/comments?post=12486"}],"version-history":[{"count":3,"href":"https:\/\/agora.xtec.cat\/escolalavilapalamos\/wp-json\/wp\/v2\/posts\/12486\/revisions"}],"predecessor-version":[{"id":12490,"href":"https:\/\/agora.xtec.cat\/escolalavilapalamos\/wp-json\/wp\/v2\/posts\/12486\/revisions\/12490"}],"wp:featuredmedia":[{"embeddable":true,"href":"https:\/\/agora.xtec.cat\/escolalavilapalamos\/wp-json\/wp\/v2\/media\/12491"}],"wp:attachment":[{"href":"https:\/\/agora.xtec.cat\/escolalavilapalamos\/wp-json\/wp\/v2\/media?parent=12486"}],"wp:term":[{"taxonomy":"category","embeddable":true,"href":"https:\/\/agora.xtec.cat\/escolalavilapalamos\/wp-json\/wp\/v2\/categories?post=12486"},{"taxonomy":"post_tag","embeddable":true,"href":"https:\/\/agora.xtec.cat\/escolalavilapalamos\/wp-json\/wp\/v2\/tags?post=12486"}],"curies":[{"name":"wp","href":"https:\/\/api.w.org\/{rel}","templated":true}]}}