{"id":12482,"date":"2022-11-10T12:55:21","date_gmt":"2022-11-10T11:55:21","guid":{"rendered":"https:\/\/agora.xtec.cat\/escolalavilapalamos\/?p=12482"},"modified":"2022-11-10T12:55:21","modified_gmt":"2022-11-10T11:55:21","slug":"projecte-reivindicat","status":"publish","type":"post","link":"https:\/\/agora.xtec.cat\/escolalavilapalamos\/portada\/projecte-reivindicat\/","title":{"rendered":"Projecte Reivindica&#8217;t"},"content":{"rendered":"<p style=\"text-align: justify;\"><img loading=\"lazy\" decoding=\"async\" class=\"aligncenter wp-image-12483 \" src=\"https:\/\/agora.xtec.cat\/escolalavilapalamos\/wp-content\/uploads\/usu897\/2022\/11\/IMG20221102155950-scaled.jpg\" alt=\"\" width=\"591\" height=\"332\" srcset=\"https:\/\/agora.xtec.cat\/escolalavilapalamos\/wp-content\/uploads\/usu897\/2022\/11\/IMG20221102155950-scaled.jpg 2560w, https:\/\/agora.xtec.cat\/escolalavilapalamos\/wp-content\/uploads\/usu897\/2022\/11\/IMG20221102155950-300x169.jpg 300w, https:\/\/agora.xtec.cat\/escolalavilapalamos\/wp-content\/uploads\/usu897\/2022\/11\/IMG20221102155950-1024x576.jpg 1024w, https:\/\/agora.xtec.cat\/escolalavilapalamos\/wp-content\/uploads\/usu897\/2022\/11\/IMG20221102155950-768x432.jpg 768w, https:\/\/agora.xtec.cat\/escolalavilapalamos\/wp-content\/uploads\/usu897\/2022\/11\/IMG20221102155950-1536x864.jpg 1536w, https:\/\/agora.xtec.cat\/escolalavilapalamos\/wp-content\/uploads\/usu897\/2022\/11\/IMG20221102155950-2048x1152.jpg 2048w\" sizes=\"auto, (max-width: 591px) 100vw, 591px\" \/><\/p>\n<p style=\"text-align: justify;\">A 2n, entre l&#8217;octubre i el novembre, vam dur a terme el Projecte Reivindica&#8217;t promogut per l&#8217;Associaci\u00f3 Viu el Teatre (relacionada amb el Petit Romea de Barcelona).<\/p>\n<p style=\"text-align: justify;\">A les sessions realitzades vam treballar els Drets dels Infants a trav\u00e9s de les Arts Esc\u00e8niques. Primer de tot, ens vam dedicar a saber qu\u00e8 eren els Drets dels Infants i qu\u00e8 era la Convenci\u00f3 dels Drets dels Infants. Llavors, vam llegir petites hist\u00f2ries relacionades amb aquests drets i que havien escrit altres escoles de Catalunya. Un cop ja ten\u00edem tota la informaci\u00f3 necess\u00e0ria, ens vam dividir per grups de 4\/5 persones i vam crear un esquetx teatral que parl\u00e9s sobre un dret que nosaltres mateixos hav\u00edem escollit. Vam assajar molt i vam aprendre a improvitzar una mica. Finalment, el dia 2 de novembre, van venir a la nostra Escola un equip d&#8217;actrius i actors a fer-nos unes activitats relacionades amb les arts esc\u00e8niques i, al final de la sessi\u00f3, alguns grups van ensenyar les seves propostes davant de tot 2n.<\/p>\n<p style=\"text-align: justify;\">Va ser una jornada molt bonica!<\/p>\n<p>A continuaci\u00f3 teniu algunes fotografies de la Jornada que vam viure.<\/p>\n<h3 style=\"text-align: center;\"><a href=\"https:\/\/photos.app.goo.gl\/rv86KwDXJSp6jSdq8\"><strong>ACC\u00c9S A L&#8217;\u00c0LBUM<\/strong><\/a><\/h3>\n","protected":false},"excerpt":{"rendered":"<p>A 2n, entre l&#8217;octubre i el novembre, vam dur a terme el Projecte Reivindica&#8217;t promogut per l&#8217;Associaci\u00f3 Viu el Teatre (relacionada amb el Petit Romea de Barcelona).<br \/>\nA les sessions realitzades vam treballar els Drets dels Infants a trav\u00e9s de les Arts Esc\u00e8niques. Primer de tot,&hellip;  <a href=\"https:\/\/agora.xtec.cat\/escolalavilapalamos\/portada\/projecte-reivindicat\/\" title=\"Read Projecte Reivindica&#8217;t\">Llegeix m\u00e9s\u00bb<\/a><\/p>\n","protected":false},"author":5,"featured_media":12483,"comment_status":"open","ping_status":"closed","sticky":false,"template":"","format":"standard","meta":{"_bbp_topic_count":0,"_bbp_reply_count":0,"_bbp_total_topic_count":0,"_bbp_total_reply_count":0,"_bbp_voice_count":0,"_bbp_anonymous_reply_count":0,"_bbp_topic_count_hidden":0,"_bbp_reply_count_hidden":0,"_bbp_forum_subforum_count":0,"footnotes":""},"categories":[127,4,5],"tags":[],"class_list":["post-12482","post","type-post","status-publish","format-standard","has-post-thumbnail","hentry","category-comunitat-de-mitjans","category-portada","category-primaria"],"post_mailing_queue_ids":[],"_links":{"self":[{"href":"https:\/\/agora.xtec.cat\/escolalavilapalamos\/wp-json\/wp\/v2\/posts\/12482","targetHints":{"allow":["GET"]}}],"collection":[{"href":"https:\/\/agora.xtec.cat\/escolalavilapalamos\/wp-json\/wp\/v2\/posts"}],"about":[{"href":"https:\/\/agora.xtec.cat\/escolalavilapalamos\/wp-json\/wp\/v2\/types\/post"}],"author":[{"embeddable":true,"href":"https:\/\/agora.xtec.cat\/escolalavilapalamos\/wp-json\/wp\/v2\/users\/5"}],"replies":[{"embeddable":true,"href":"https:\/\/agora.xtec.cat\/escolalavilapalamos\/wp-json\/wp\/v2\/comments?post=12482"}],"version-history":[{"count":3,"href":"https:\/\/agora.xtec.cat\/escolalavilapalamos\/wp-json\/wp\/v2\/posts\/12482\/revisions"}],"predecessor-version":[{"id":12488,"href":"https:\/\/agora.xtec.cat\/escolalavilapalamos\/wp-json\/wp\/v2\/posts\/12482\/revisions\/12488"}],"wp:featuredmedia":[{"embeddable":true,"href":"https:\/\/agora.xtec.cat\/escolalavilapalamos\/wp-json\/wp\/v2\/media\/12483"}],"wp:attachment":[{"href":"https:\/\/agora.xtec.cat\/escolalavilapalamos\/wp-json\/wp\/v2\/media?parent=12482"}],"wp:term":[{"taxonomy":"category","embeddable":true,"href":"https:\/\/agora.xtec.cat\/escolalavilapalamos\/wp-json\/wp\/v2\/categories?post=12482"},{"taxonomy":"post_tag","embeddable":true,"href":"https:\/\/agora.xtec.cat\/escolalavilapalamos\/wp-json\/wp\/v2\/tags?post=12482"}],"curies":[{"name":"wp","href":"https:\/\/api.w.org\/{rel}","templated":true}]}}