{"id":12469,"date":"2022-11-09T10:16:53","date_gmt":"2022-11-09T09:16:53","guid":{"rendered":"https:\/\/agora.xtec.cat\/escolalavilapalamos\/?p=12469"},"modified":"2022-11-09T10:16:53","modified_gmt":"2022-11-09T09:16:53","slug":"la-proteccio-de-dades-personals-als-centres-educatius","status":"publish","type":"post","link":"https:\/\/agora.xtec.cat\/escolalavilapalamos\/general\/la-proteccio-de-dades-personals-als-centres-educatius\/","title":{"rendered":"La protecci\u00f3 de dades personals als centres educatius"},"content":{"rendered":"<p><img loading=\"lazy\" decoding=\"async\" class=\"wp-image-12470  alignright\" src=\"https:\/\/agora.xtec.cat\/escolalavilapalamos\/wp-content\/uploads\/usu897\/2022\/11\/proteccio-dades.png\" alt=\"\" width=\"504\" height=\"357\" srcset=\"https:\/\/agora.xtec.cat\/escolalavilapalamos\/wp-content\/uploads\/usu897\/2022\/11\/proteccio-dades.png 3508w, https:\/\/agora.xtec.cat\/escolalavilapalamos\/wp-content\/uploads\/usu897\/2022\/11\/proteccio-dades-300x212.png 300w, https:\/\/agora.xtec.cat\/escolalavilapalamos\/wp-content\/uploads\/usu897\/2022\/11\/proteccio-dades-1024x724.png 1024w, https:\/\/agora.xtec.cat\/escolalavilapalamos\/wp-content\/uploads\/usu897\/2022\/11\/proteccio-dades-768x543.png 768w, https:\/\/agora.xtec.cat\/escolalavilapalamos\/wp-content\/uploads\/usu897\/2022\/11\/proteccio-dades-1536x1086.png 1536w, https:\/\/agora.xtec.cat\/escolalavilapalamos\/wp-content\/uploads\/usu897\/2022\/11\/proteccio-dades-2048x1448.png 2048w\" sizes=\"auto, (max-width: 504px) 100vw, 504px\" \/>El Departament d&#8217;Educaci\u00f3 ha elaborat uns materials on s&#8217;explica totes les accions que fan als centres educatius per\u200b\u00a0<strong>protegir l&#8217;alumnat i respectar-ne els drets<\/strong>\u00a0en mat\u00e8ria de protecci\u00f3 de dades.<\/p>\n<p>El dia a dia del centre comporta\u00a0<strong>tractar dades personals de l&#8217;alumnat<\/strong>\u00a0i aquest tractament s&#8217;ha de fer amb garantia de drets. Per aix\u00f2, sempre s&#8217;informa, es demana el consentiment quan \u00e9s necessari i es tracten nom\u00e9s les dades imprescindibles.<\/p>\n<p>En el cas que es decideixi publicar a Internet dades i imatges d&#8217;alumnes, abans es demana el consentiment, i tamb\u00e9 per a la comunicaci\u00f3 o cessi\u00f3 de dades a tercers.<\/p>\n<p>Els centres prenen mesures quan es publica a la xarxa, als dispositius m\u00f2bils i quan es fan videoconfer\u00e8ncies. I abans de captar una imatge o fer un enregistrament s&#8217;informa les persones implicades.<\/p>\n<p><a href=\"https:\/\/educacio.gencat.cat\/ca\/departament\/proteccio-dades\/centres-educatius\/\">M\u00e9s informaci\u00f3 aqu\u00ed<\/a><\/p>\n","protected":false},"excerpt":{"rendered":"<p>El Departament d&#8217;Educaci\u00f3 ha elaborat uns materials on s&#8217;explica totes les accions que fan als centres educatius per\u200b\u00a0protegir l&#8217;alumnat i respectar-ne els drets\u00a0en mat\u00e8ria de protecci\u00f3 de dades.<br \/>\nEl dia a dia del centre comporta\u00a0tractar dades personals de l&#8217;alumnat\u00a0i aquest tractament s&#8217;ha de fer amb garantia&hellip;  <a href=\"https:\/\/agora.xtec.cat\/escolalavilapalamos\/general\/la-proteccio-de-dades-personals-als-centres-educatius\/\" title=\"Read La protecci\u00f3 de dades personals als centres educatius\">Llegeix m\u00e9s\u00bb<\/a><\/p>\n","protected":false},"author":1,"featured_media":12470,"comment_status":"open","ping_status":"closed","sticky":false,"template":"","format":"standard","meta":{"_bbp_topic_count":0,"_bbp_reply_count":0,"_bbp_total_topic_count":0,"_bbp_total_reply_count":0,"_bbp_voice_count":0,"_bbp_anonymous_reply_count":0,"_bbp_topic_count_hidden":0,"_bbp_reply_count_hidden":0,"_bbp_forum_subforum_count":0,"footnotes":""},"categories":[1,4],"tags":[],"class_list":["post-12469","post","type-post","status-publish","format-standard","has-post-thumbnail","hentry","category-general","category-portada"],"post_mailing_queue_ids":[],"_links":{"self":[{"href":"https:\/\/agora.xtec.cat\/escolalavilapalamos\/wp-json\/wp\/v2\/posts\/12469","targetHints":{"allow":["GET"]}}],"collection":[{"href":"https:\/\/agora.xtec.cat\/escolalavilapalamos\/wp-json\/wp\/v2\/posts"}],"about":[{"href":"https:\/\/agora.xtec.cat\/escolalavilapalamos\/wp-json\/wp\/v2\/types\/post"}],"author":[{"embeddable":true,"href":"https:\/\/agora.xtec.cat\/escolalavilapalamos\/wp-json\/wp\/v2\/users\/1"}],"replies":[{"embeddable":true,"href":"https:\/\/agora.xtec.cat\/escolalavilapalamos\/wp-json\/wp\/v2\/comments?post=12469"}],"version-history":[{"count":1,"href":"https:\/\/agora.xtec.cat\/escolalavilapalamos\/wp-json\/wp\/v2\/posts\/12469\/revisions"}],"predecessor-version":[{"id":12471,"href":"https:\/\/agora.xtec.cat\/escolalavilapalamos\/wp-json\/wp\/v2\/posts\/12469\/revisions\/12471"}],"wp:featuredmedia":[{"embeddable":true,"href":"https:\/\/agora.xtec.cat\/escolalavilapalamos\/wp-json\/wp\/v2\/media\/12470"}],"wp:attachment":[{"href":"https:\/\/agora.xtec.cat\/escolalavilapalamos\/wp-json\/wp\/v2\/media?parent=12469"}],"wp:term":[{"taxonomy":"category","embeddable":true,"href":"https:\/\/agora.xtec.cat\/escolalavilapalamos\/wp-json\/wp\/v2\/categories?post=12469"},{"taxonomy":"post_tag","embeddable":true,"href":"https:\/\/agora.xtec.cat\/escolalavilapalamos\/wp-json\/wp\/v2\/tags?post=12469"}],"curies":[{"name":"wp","href":"https:\/\/api.w.org\/{rel}","templated":true}]}}