{"id":12457,"date":"2022-11-17T08:30:34","date_gmt":"2022-11-17T07:30:34","guid":{"rendered":"https:\/\/agora.xtec.cat\/escolalavilapalamos\/?p=12457"},"modified":"2022-11-17T09:52:25","modified_gmt":"2022-11-17T08:52:25","slug":"1r-i-2n-van-a-la-gorga-a-veure-teatre","status":"publish","type":"post","link":"https:\/\/agora.xtec.cat\/escolalavilapalamos\/general\/1r-i-2n-van-a-la-gorga-a-veure-teatre\/","title":{"rendered":"1r i 2n van a La Gorga a veure Teatre"},"content":{"rendered":"<p><a href=\"https:\/\/agora.xtec.cat\/escolalavilapalamos\/wp-content\/uploads\/usu897\/2022\/11\/galeria_Laika04.jpg\"><img loading=\"lazy\" decoding=\"async\" class=\"wp-image-12458 alignright\" src=\"https:\/\/agora.xtec.cat\/escolalavilapalamos\/wp-content\/uploads\/usu897\/2022\/11\/galeria_Laika04.jpg\" alt=\"\" width=\"456\" height=\"316\" srcset=\"https:\/\/agora.xtec.cat\/escolalavilapalamos\/wp-content\/uploads\/usu897\/2022\/11\/galeria_Laika04.jpg 1000w, https:\/\/agora.xtec.cat\/escolalavilapalamos\/wp-content\/uploads\/usu897\/2022\/11\/galeria_Laika04-300x208.jpg 300w, https:\/\/agora.xtec.cat\/escolalavilapalamos\/wp-content\/uploads\/usu897\/2022\/11\/galeria_Laika04-768x532.jpg 768w\" sizes=\"auto, (max-width: 456px) 100vw, 456px\" \/><\/a>El proper <strong>dimecres 23 de novembre de 2022<\/strong> els nens i nenes de 1r i 2n van a veure <a href=\"https:\/\/www.xirriquiteula.com\/espectacle\/laika\/\"><em>Laika<\/em><\/a> de <a href=\"https:\/\/www.xirriquiteula.com\/\">Cia. Xirriquiteula Teatre<\/a> a La Gorga a les 9:30h del mat\u00ed.<\/p>\n<p>1957. Som a Moscou. En plena Guerra Freda i la cursa espacial. Laika \u00e9s una gosseta que sobreviu pels carrers de la gelada ciutat. Poc s\u2019imagina que el seu dest\u00ed la portar\u00e0 a l\u2019espai dins la nau Sp\u00fatnik II i passar\u00e0 a la hist\u00f2ria de la humanitat com el primer \u00e9sser viu en orbitar al voltant de la Terra.<\/p>\n<p>Xirriquiteula Teatre utilitza, en aquest espectacle, t\u00e8cniques tan diverses com les retroprojeccions en directe, titelles, aut\u00f2mats, ombres i l\u2019 interpretaci\u00f3 actoral d\u2019uns personatges que parlen en un rus inventat, acompanyats d\u2019una preciosa banda sonora. Tot aix\u00f2 molt ben empastat, fruit d\u2019un llarg i intens treball col\u00b7lectiu on cadasc\u00fa hi aporta les seves habilitats i coneixements.<\/p>\n<p>Us podeu descarregar el dossier pedag\u00f2gic de l&#8217;obra <a href=\"https:\/\/drive.google.com\/file\/d\/1tIZAeNgr8728DN5npejo5wRGSFffWcY_\/view?usp=sharing\">aqu\u00ed<\/a><\/p>\n<p><iframe loading=\"lazy\" src=\"\/\/www.youtube.com\/embed\/tkecNaA4NqM\" width=\"560\" height=\"314\" allowfullscreen=\"allowfullscreen\"><\/iframe><\/p>\n","protected":false},"excerpt":{"rendered":"<p><a href=\"https:\/\/agora.xtec.cat\/escolalavilapalamos\/wp-content\/uploads\/usu897\/2022\/11\/galeria_Laika04.jpg\"><\/a>El proper dimecres 23 de novembre de 2022 els nens i nenes de 1r i 2n van a veure <a href=\"https:\/\/www.xirriquiteula.com\/espectacle\/laika\/\">Laika<\/a> de <a href=\"https:\/\/www.xirriquiteula.com\/\">Cia. Xirriquiteula Teatre<\/a> a La Gorga a les 9:30h del mat\u00ed.<br \/>\n1957. Som a Moscou. En plena Guerra Freda i la cursa&hellip;  <a href=\"https:\/\/agora.xtec.cat\/escolalavilapalamos\/general\/1r-i-2n-van-a-la-gorga-a-veure-teatre\/\" title=\"Read 1r i 2n van a La Gorga a veure Teatre\">Llegeix m\u00e9s\u00bb<\/a><\/p>\n","protected":false},"author":1,"featured_media":12458,"comment_status":"open","ping_status":"closed","sticky":false,"template":"","format":"standard","meta":{"_bbp_topic_count":0,"_bbp_reply_count":0,"_bbp_total_topic_count":0,"_bbp_total_reply_count":0,"_bbp_voice_count":0,"_bbp_anonymous_reply_count":0,"_bbp_topic_count_hidden":0,"_bbp_reply_count_hidden":0,"_bbp_forum_subforum_count":0,"footnotes":""},"categories":[127,1,4],"tags":[],"class_list":["post-12457","post","type-post","status-publish","format-standard","has-post-thumbnail","hentry","category-comunitat-de-mitjans","category-general","category-portada"],"post_mailing_queue_ids":[],"_links":{"self":[{"href":"https:\/\/agora.xtec.cat\/escolalavilapalamos\/wp-json\/wp\/v2\/posts\/12457","targetHints":{"allow":["GET"]}}],"collection":[{"href":"https:\/\/agora.xtec.cat\/escolalavilapalamos\/wp-json\/wp\/v2\/posts"}],"about":[{"href":"https:\/\/agora.xtec.cat\/escolalavilapalamos\/wp-json\/wp\/v2\/types\/post"}],"author":[{"embeddable":true,"href":"https:\/\/agora.xtec.cat\/escolalavilapalamos\/wp-json\/wp\/v2\/users\/1"}],"replies":[{"embeddable":true,"href":"https:\/\/agora.xtec.cat\/escolalavilapalamos\/wp-json\/wp\/v2\/comments?post=12457"}],"version-history":[{"count":3,"href":"https:\/\/agora.xtec.cat\/escolalavilapalamos\/wp-json\/wp\/v2\/posts\/12457\/revisions"}],"predecessor-version":[{"id":12463,"href":"https:\/\/agora.xtec.cat\/escolalavilapalamos\/wp-json\/wp\/v2\/posts\/12457\/revisions\/12463"}],"wp:featuredmedia":[{"embeddable":true,"href":"https:\/\/agora.xtec.cat\/escolalavilapalamos\/wp-json\/wp\/v2\/media\/12458"}],"wp:attachment":[{"href":"https:\/\/agora.xtec.cat\/escolalavilapalamos\/wp-json\/wp\/v2\/media?parent=12457"}],"wp:term":[{"taxonomy":"category","embeddable":true,"href":"https:\/\/agora.xtec.cat\/escolalavilapalamos\/wp-json\/wp\/v2\/categories?post=12457"},{"taxonomy":"post_tag","embeddable":true,"href":"https:\/\/agora.xtec.cat\/escolalavilapalamos\/wp-json\/wp\/v2\/tags?post=12457"}],"curies":[{"name":"wp","href":"https:\/\/api.w.org\/{rel}","templated":true}]}}