{"id":12451,"date":"2022-11-17T08:00:07","date_gmt":"2022-11-17T07:00:07","guid":{"rendered":"https:\/\/agora.xtec.cat\/escolalavilapalamos\/?p=12451"},"modified":"2022-11-17T09:32:51","modified_gmt":"2022-11-17T08:32:51","slug":"5e-i-6e-van-a-la-gorga-a-veure-teatre","status":"publish","type":"post","link":"https:\/\/agora.xtec.cat\/escolalavilapalamos\/general\/5e-i-6e-van-a-la-gorga-a-veure-teatre\/","title":{"rendered":"5\u00e8 i 6\u00e8 van a La Gorga a veure Teatre"},"content":{"rendered":"<p><img loading=\"lazy\" decoding=\"async\" class=\"wp-image-12452 alignright\" src=\"https:\/\/agora.xtec.cat\/escolalavilapalamos\/wp-content\/uploads\/usu897\/2022\/11\/circ-dejavu.jpg\" alt=\"\" width=\"262\" height=\"524\" srcset=\"https:\/\/agora.xtec.cat\/escolalavilapalamos\/wp-content\/uploads\/usu897\/2022\/11\/circ-dejavu.jpg 500w, https:\/\/agora.xtec.cat\/escolalavilapalamos\/wp-content\/uploads\/usu897\/2022\/11\/circ-dejavu-150x300.jpg 150w\" sizes=\"auto, (max-width: 262px) 100vw, 262px\" \/>El proper <strong>dimarts 22 de novembre de 2022<\/strong> els nois i noies de 5\u00e8 i 6\u00e8 van a veure <em><a href=\"https:\/\/www.labaldufateatre.com\/espectacles\/cirque-deja-vu\/\">Circ D\u00e9j\u00e0 Vu<\/a><\/em> de <a href=\"https:\/\/www.labaldufateatre.com\/es\/\">Cia. La Baldufa<\/a> a La Gorga a les 9:30h del mat\u00ed.<\/p>\n<p><em>Cirque d\u00e9j\u00e0 vu<\/em> \u00e9s una obra de format mitj\u00e0, que combina diferents g\u00e8neres teatrals: titelles planes, m\u00e0scares, titelles de guant, figures articulades, ombres xineses i treball d\u2019actor. Com tots els espectacles que ha produ\u00eft la Baldufa potencia la imaginaci\u00f3 dels nens i de les nenes, no \u00e9s un relat tancat, amb una sola lectura, si no que suggereix, insinua, apunta&#8230; amb la finalitat de fer cr\u00e9ixer la inventiva i l\u2019enginy dels nostres infants. I tamb\u00e9 s&#8217; utilitzen diversos llenguatges: auditius, pl\u00e0stics, i esc\u00e8nics.<\/p>\n<p>Us podeu descarregar el dossier pedag\u00f2gic de l&#8217;obra <a href=\"https:\/\/drive.google.com\/file\/d\/1kNE6kBG_Zb0_TaPn69X2sOSaoGZ7NA6J\/view?usp=sharing\">aqu\u00ed<\/a><\/p>\n<p><iframe loading=\"lazy\" src=\"\/\/www.youtube.com\/embed\/X1Iz8031fjA\" width=\"560\" height=\"314\" allowfullscreen=\"allowfullscreen\"><\/iframe><\/p>\n","protected":false},"excerpt":{"rendered":"<p>El proper dimarts 22 de novembre de 2022 els nois i noies de 5\u00e8 i 6\u00e8 van a veure <a href=\"https:\/\/www.labaldufateatre.com\/espectacles\/cirque-deja-vu\/\">Circ D\u00e9j\u00e0 Vu<\/a> de <a href=\"https:\/\/www.labaldufateatre.com\/es\/\">Cia. La Baldufa<\/a> a La Gorga a les 9:30h del mat\u00ed.<br \/>\nCirque d\u00e9j\u00e0 vu \u00e9s una obra de format mitj\u00e0, que&hellip;  <a href=\"https:\/\/agora.xtec.cat\/escolalavilapalamos\/general\/5e-i-6e-van-a-la-gorga-a-veure-teatre\/\" title=\"Read 5\u00e8 i 6\u00e8 van a La Gorga a veure Teatre\">Llegeix m\u00e9s\u00bb<\/a><\/p>\n","protected":false},"author":1,"featured_media":12452,"comment_status":"open","ping_status":"closed","sticky":false,"template":"","format":"standard","meta":{"_bbp_topic_count":0,"_bbp_reply_count":0,"_bbp_total_topic_count":0,"_bbp_total_reply_count":0,"_bbp_voice_count":0,"_bbp_anonymous_reply_count":0,"_bbp_topic_count_hidden":0,"_bbp_reply_count_hidden":0,"_bbp_forum_subforum_count":0,"footnotes":""},"categories":[128,1,4],"tags":[],"class_list":["post-12451","post","type-post","status-publish","format-standard","has-post-thumbnail","hentry","category-comunitat-de-grans","category-general","category-portada"],"post_mailing_queue_ids":[],"_links":{"self":[{"href":"https:\/\/agora.xtec.cat\/escolalavilapalamos\/wp-json\/wp\/v2\/posts\/12451","targetHints":{"allow":["GET"]}}],"collection":[{"href":"https:\/\/agora.xtec.cat\/escolalavilapalamos\/wp-json\/wp\/v2\/posts"}],"about":[{"href":"https:\/\/agora.xtec.cat\/escolalavilapalamos\/wp-json\/wp\/v2\/types\/post"}],"author":[{"embeddable":true,"href":"https:\/\/agora.xtec.cat\/escolalavilapalamos\/wp-json\/wp\/v2\/users\/1"}],"replies":[{"embeddable":true,"href":"https:\/\/agora.xtec.cat\/escolalavilapalamos\/wp-json\/wp\/v2\/comments?post=12451"}],"version-history":[{"count":3,"href":"https:\/\/agora.xtec.cat\/escolalavilapalamos\/wp-json\/wp\/v2\/posts\/12451\/revisions"}],"predecessor-version":[{"id":12456,"href":"https:\/\/agora.xtec.cat\/escolalavilapalamos\/wp-json\/wp\/v2\/posts\/12451\/revisions\/12456"}],"wp:featuredmedia":[{"embeddable":true,"href":"https:\/\/agora.xtec.cat\/escolalavilapalamos\/wp-json\/wp\/v2\/media\/12452"}],"wp:attachment":[{"href":"https:\/\/agora.xtec.cat\/escolalavilapalamos\/wp-json\/wp\/v2\/media?parent=12451"}],"wp:term":[{"taxonomy":"category","embeddable":true,"href":"https:\/\/agora.xtec.cat\/escolalavilapalamos\/wp-json\/wp\/v2\/categories?post=12451"},{"taxonomy":"post_tag","embeddable":true,"href":"https:\/\/agora.xtec.cat\/escolalavilapalamos\/wp-json\/wp\/v2\/tags?post=12451"}],"curies":[{"name":"wp","href":"https:\/\/api.w.org\/{rel}","templated":true}]}}