{"id":12440,"date":"2022-11-07T14:53:59","date_gmt":"2022-11-07T13:53:59","guid":{"rendered":"https:\/\/agora.xtec.cat\/escolalavilapalamos\/?p=12440"},"modified":"2022-11-09T10:22:53","modified_gmt":"2022-11-09T09:22:53","slug":"3r-i-4t-van-a-la-gorga-a-veure-teatre","status":"publish","type":"post","link":"https:\/\/agora.xtec.cat\/escolalavilapalamos\/general\/3r-i-4t-van-a-la-gorga-a-veure-teatre\/","title":{"rendered":"3r i 4t van a La Gorga a veure Teatre"},"content":{"rendered":"<p><img loading=\"lazy\" decoding=\"async\" class=\"wp-image-12441 alignright\" src=\"https:\/\/agora.xtec.cat\/escolalavilapalamos\/wp-content\/uploads\/usu897\/2022\/11\/Sense-titol.jpg\" alt=\"\" width=\"253\" height=\"360\" srcset=\"https:\/\/agora.xtec.cat\/escolalavilapalamos\/wp-content\/uploads\/usu897\/2022\/11\/Sense-titol.jpg 581w, https:\/\/agora.xtec.cat\/escolalavilapalamos\/wp-content\/uploads\/usu897\/2022\/11\/Sense-titol-211x300.jpg 211w\" sizes=\"auto, (max-width: 253px) 100vw, 253px\" \/>El proper <strong>dimarts 8 de novembre de 2022<\/strong> els nois i noies de 3r i 4t van a veure <a href=\"https:\/\/zumzumteatre.com\/polzet\/\"><em>Polzet<\/em> <\/a>de <a href=\"https:\/\/zumzumteatre.com\/\">Cia. Zum-zum teatre<\/a> a La Gorga a les 9:30h del mat\u00ed.<\/p>\n<p>Els cl\u00e0ssics ho s\u00f3n per la seva capacitat de resultar contemporanis en qualsevol temps. POLZET \u00e9s un conte en el qual un nen menut i enginy\u00f3s salva a tots els seus germans i a la seva fam\u00edlia, despr\u00e9s que els seus pares desesperats hagin hagut d&#8217;abandonar-los al bosc per falta de recursos. S\u00f3n molts els temes que Perrault aborda amb aquest conte; la relaci\u00f3 entre el b\u00e9 i el mal, la generositat, la bondat, i sens dubte, el tema principal d&#8217;aquesta versi\u00f3: l\u2019abandonament, perqu\u00e8 POLZET es contextualitza en una situaci\u00f3 que estableix paral\u00b7lelismes molt clars i molt crus amb la societat actual.<\/p>\n<p>Us podeu descarregar el dossier pedag\u00f2gic de l&#8217;obra <a href=\"https:\/\/drive.google.com\/file\/d\/1_Soo_3wPx1XhLT4h1d4OkkHdd0EKU1IY\/view?usp=sharing\">aqu\u00ed<\/a><\/p>\n<p><iframe loading=\"lazy\" src=\"\/\/www.youtube.com\/embed\/ZzU1I5yrM38\" width=\"560\" height=\"314\" allowfullscreen=\"allowfullscreen\"><\/iframe><\/p>\n","protected":false},"excerpt":{"rendered":"<p>El proper dimarts 8 de novembre de 2022 els nois i noies de 3r i 4t van a veure <a href=\"https:\/\/zumzumteatre.com\/polzet\/\">Polzet <\/a>de <a href=\"https:\/\/zumzumteatre.com\/\">Cia. Zum-zum teatre<\/a> a La Gorga a les 9:30h del mat\u00ed.<br \/>\nEls cl\u00e0ssics ho s\u00f3n per la seva capacitat de resultar contemporanis en&hellip;  <a href=\"https:\/\/agora.xtec.cat\/escolalavilapalamos\/general\/3r-i-4t-van-a-la-gorga-a-veure-teatre\/\" title=\"Read 3r i 4t van a La Gorga a veure Teatre\">Llegeix m\u00e9s\u00bb<\/a><\/p>\n","protected":false},"author":1,"featured_media":12441,"comment_status":"open","ping_status":"closed","sticky":false,"template":"","format":"standard","meta":{"_bbp_topic_count":0,"_bbp_reply_count":0,"_bbp_total_topic_count":0,"_bbp_total_reply_count":0,"_bbp_voice_count":0,"_bbp_anonymous_reply_count":0,"_bbp_topic_count_hidden":0,"_bbp_reply_count_hidden":0,"_bbp_forum_subforum_count":0,"footnotes":""},"categories":[128,127,1,4],"tags":[],"class_list":["post-12440","post","type-post","status-publish","format-standard","has-post-thumbnail","hentry","category-comunitat-de-grans","category-comunitat-de-mitjans","category-general","category-portada"],"post_mailing_queue_ids":[],"_links":{"self":[{"href":"https:\/\/agora.xtec.cat\/escolalavilapalamos\/wp-json\/wp\/v2\/posts\/12440","targetHints":{"allow":["GET"]}}],"collection":[{"href":"https:\/\/agora.xtec.cat\/escolalavilapalamos\/wp-json\/wp\/v2\/posts"}],"about":[{"href":"https:\/\/agora.xtec.cat\/escolalavilapalamos\/wp-json\/wp\/v2\/types\/post"}],"author":[{"embeddable":true,"href":"https:\/\/agora.xtec.cat\/escolalavilapalamos\/wp-json\/wp\/v2\/users\/1"}],"replies":[{"embeddable":true,"href":"https:\/\/agora.xtec.cat\/escolalavilapalamos\/wp-json\/wp\/v2\/comments?post=12440"}],"version-history":[{"count":3,"href":"https:\/\/agora.xtec.cat\/escolalavilapalamos\/wp-json\/wp\/v2\/posts\/12440\/revisions"}],"predecessor-version":[{"id":12472,"href":"https:\/\/agora.xtec.cat\/escolalavilapalamos\/wp-json\/wp\/v2\/posts\/12440\/revisions\/12472"}],"wp:featuredmedia":[{"embeddable":true,"href":"https:\/\/agora.xtec.cat\/escolalavilapalamos\/wp-json\/wp\/v2\/media\/12441"}],"wp:attachment":[{"href":"https:\/\/agora.xtec.cat\/escolalavilapalamos\/wp-json\/wp\/v2\/media?parent=12440"}],"wp:term":[{"taxonomy":"category","embeddable":true,"href":"https:\/\/agora.xtec.cat\/escolalavilapalamos\/wp-json\/wp\/v2\/categories?post=12440"},{"taxonomy":"post_tag","embeddable":true,"href":"https:\/\/agora.xtec.cat\/escolalavilapalamos\/wp-json\/wp\/v2\/tags?post=12440"}],"curies":[{"name":"wp","href":"https:\/\/api.w.org\/{rel}","templated":true}]}}