{"id":12425,"date":"2022-11-04T15:59:18","date_gmt":"2022-11-04T14:59:18","guid":{"rendered":"https:\/\/agora.xtec.cat\/escolalavilapalamos\/?p=12425"},"modified":"2022-11-08T08:53:51","modified_gmt":"2022-11-08T07:53:51","slug":"estampacio-de-tardor","status":"publish","type":"post","link":"https:\/\/agora.xtec.cat\/escolalavilapalamos\/general\/estampacio-de-tardor\/","title":{"rendered":"Estampaci\u00f3 de tardor"},"content":{"rendered":"<div class=\"adn ads\" data-message-id=\"#msg-a:r-200531387303214757\" data-legacy-message-id=\"1844269c117cd591\">\n<div class=\"gs\">\n<div class=\"\">\n<div id=\":13e\" class=\"ii gt\">\n<div id=\":13d\" class=\"a3s aiL \">\n<div dir=\"ltr\">\n<p>Ara si, ja la sentim\u00a0a prop, ja \u00e9s aqu\u00ed&#8230;.. Ja ha arribat la tardor!<\/p>\n<p><img loading=\"lazy\" decoding=\"async\" class=\"alignright\" src=\"https:\/\/agora.xtec.cat\/escolalavilapalamos\/wp-content\/uploads\/usu897\/2022\/11\/1667561123776.jpg\" alt=\"\" width=\"381\" height=\"285\" \/>Fins i tot se&#8217;ns ha ficat dins la classe, als passadissos&#8230;.<\/p>\n<div>Hem quedat envoltats de fulles i colors tardorencs!<\/div>\n<div><\/div>\n<div>I els hem aprofitat\u00a0 a la classe d&#8217;art per a fer estampacions amb pintura: mireu quines carpetes per a guardar dibuixos i treballs, amb fulles estampades!<\/div>\n<div><\/div>\n<div>I aquests arbres de tardor mig pelats tamb\u00e9 estan fets amb la mateixa t\u00e8cnica; nom\u00e9s hem necessitat el nostre bra\u00e7 i uns rotlles de paper de wc o boletes peludes&#8230;<\/div>\n<div><\/div>\n<div>I aqu\u00ed teniu el resultat!<\/div>\n<div><\/div>\n<div><\/div>\n<div><a href=\"https:\/\/photos.app.goo.gl\/aBN8QeokcCgmwVxw7\">Mireu la colla d&#8217;artistes que tenim a 1r!<\/a><\/div>\n<\/div>\n<\/div>\n<\/div>\n<div><\/div>\n<div id=\":13e\" class=\"ii gt\">\n<div id=\":13d\" class=\"a3s aiL \">\n<div dir=\"ltr\">\n<div><\/div>\n<div>Benvinguda tardor!!!!<\/div>\n<\/div>\n<div class=\"yj6qo\"><\/div>\n<div class=\"adL\"><\/div>\n<\/div>\n<\/div>\n<div class=\"hi\"><\/div>\n<\/div>\n<\/div>\n<div class=\"ajx\"><\/div>\n<\/div>\n<div class=\"gA gt acV\">\n<div class=\"gB xu\">\n<div class=\"ip iq\"><\/div>\n<\/div>\n<\/div>\n","protected":false},"excerpt":{"rendered":"<p>Ara si, ja la sentim\u00a0a prop, ja \u00e9s aqu\u00ed&#8230;.. Ja ha arribat la tardor!<br \/>\nFins i tot se&#8217;ns ha ficat dins la classe, als passadissos&#8230;.<br \/>\nHem quedat envoltats de fulles i colors tardorencs!<\/p>\n<p>I els hem aprofitat\u00a0 a la classe d&#8217;art per a fer estampacions amb pintura: mireu&hellip;  <a href=\"https:\/\/agora.xtec.cat\/escolalavilapalamos\/general\/estampacio-de-tardor\/\" title=\"Read Estampaci\u00f3 de tardor\">Llegeix m\u00e9s\u00bb<\/a><\/p>\n","protected":false},"author":131,"featured_media":12426,"comment_status":"open","ping_status":"closed","sticky":false,"template":"","format":"standard","meta":{"_bbp_topic_count":0,"_bbp_reply_count":0,"_bbp_total_topic_count":0,"_bbp_total_reply_count":0,"_bbp_voice_count":0,"_bbp_anonymous_reply_count":0,"_bbp_topic_count_hidden":0,"_bbp_reply_count_hidden":0,"_bbp_forum_subforum_count":0,"footnotes":""},"categories":[127,1,4],"tags":[],"class_list":["post-12425","post","type-post","status-publish","format-standard","has-post-thumbnail","hentry","category-comunitat-de-mitjans","category-general","category-portada"],"post_mailing_queue_ids":[],"_links":{"self":[{"href":"https:\/\/agora.xtec.cat\/escolalavilapalamos\/wp-json\/wp\/v2\/posts\/12425","targetHints":{"allow":["GET"]}}],"collection":[{"href":"https:\/\/agora.xtec.cat\/escolalavilapalamos\/wp-json\/wp\/v2\/posts"}],"about":[{"href":"https:\/\/agora.xtec.cat\/escolalavilapalamos\/wp-json\/wp\/v2\/types\/post"}],"author":[{"embeddable":true,"href":"https:\/\/agora.xtec.cat\/escolalavilapalamos\/wp-json\/wp\/v2\/users\/131"}],"replies":[{"embeddable":true,"href":"https:\/\/agora.xtec.cat\/escolalavilapalamos\/wp-json\/wp\/v2\/comments?post=12425"}],"version-history":[{"count":4,"href":"https:\/\/agora.xtec.cat\/escolalavilapalamos\/wp-json\/wp\/v2\/posts\/12425\/revisions"}],"predecessor-version":[{"id":12439,"href":"https:\/\/agora.xtec.cat\/escolalavilapalamos\/wp-json\/wp\/v2\/posts\/12425\/revisions\/12439"}],"wp:featuredmedia":[{"embeddable":true,"href":"https:\/\/agora.xtec.cat\/escolalavilapalamos\/wp-json\/wp\/v2\/media\/12426"}],"wp:attachment":[{"href":"https:\/\/agora.xtec.cat\/escolalavilapalamos\/wp-json\/wp\/v2\/media?parent=12425"}],"wp:term":[{"taxonomy":"category","embeddable":true,"href":"https:\/\/agora.xtec.cat\/escolalavilapalamos\/wp-json\/wp\/v2\/categories?post=12425"},{"taxonomy":"post_tag","embeddable":true,"href":"https:\/\/agora.xtec.cat\/escolalavilapalamos\/wp-json\/wp\/v2\/tags?post=12425"}],"curies":[{"name":"wp","href":"https:\/\/api.w.org\/{rel}","templated":true}]}}