{"id":12412,"date":"2022-10-19T10:07:41","date_gmt":"2022-10-19T08:07:41","guid":{"rendered":"https:\/\/agora.xtec.cat\/escolalavilapalamos\/?p=12412"},"modified":"2022-11-02T10:08:34","modified_gmt":"2022-11-02T09:08:34","slug":"festa-de-la-castanyada-2022","status":"publish","type":"post","link":"https:\/\/agora.xtec.cat\/escolalavilapalamos\/portada\/festa-de-la-castanyada-2022\/","title":{"rendered":"Festa de la Castanyada 2022"},"content":{"rendered":"<p><span class=\"gmail_default\"><strong><img loading=\"lazy\" decoding=\"async\" class=\"wp-image-12280 alignright\" src=\"https:\/\/agora.xtec.cat\/escolalavilapalamos\/wp-content\/uploads\/usu897\/2022\/10\/castanyera-campana.jpg\" alt=\"\" width=\"263\" height=\"301\" srcset=\"https:\/\/agora.xtec.cat\/escolalavilapalamos\/wp-content\/uploads\/usu897\/2022\/10\/castanyera-campana.jpg 1500w, https:\/\/agora.xtec.cat\/escolalavilapalamos\/wp-content\/uploads\/usu897\/2022\/10\/castanyera-campana-262x300.jpg 262w, https:\/\/agora.xtec.cat\/escolalavilapalamos\/wp-content\/uploads\/usu897\/2022\/10\/castanyera-campana-894x1024.jpg 894w, https:\/\/agora.xtec.cat\/escolalavilapalamos\/wp-content\/uploads\/usu897\/2022\/10\/castanyera-campana-768x880.jpg 768w, https:\/\/agora.xtec.cat\/escolalavilapalamos\/wp-content\/uploads\/usu897\/2022\/10\/castanyera-campana-1341x1536.jpg 1341w\" sizes=\"auto, (max-width: 263px) 100vw, 263px\" \/><\/strong><\/span><\/p>\n<p>A l&#8217;escola estem comen\u00e7ant a preparar <strong>la festa de la Castanyada<\/strong> d&#8217;enguany.<\/p>\n<p>Recuperem la tradici\u00f3 del <strong>detall de tardor<\/strong>. Volem decorar l&#8217;escola amb detalls de tardor: pinyes, castanyes, moniatos decorats. Proposem a les fam\u00edlies que ho feu a casa i ho porteu a l&#8217;escola. Del 20 al 28 d&#8217;octubre podeu portar els detalls de tardor.<\/p>\n<p><a href=\"https:\/\/photos.app.goo.gl\/jyghSd5gv3KzapkB6\">Cliqueu aqu\u00ed per veure tots els detalls de tardor que han decorat l&#8217;escola.\u00a0<\/a><\/p>\n<p><strong>El divendres 28 d&#8217;octubre celebrarem la Castanyada a l&#8217;escola.<\/strong> Durant tot el dia hi haur\u00e0 un munt d&#8217;activitats. Els nois i noies de 6\u00e8 preparen una gimcana de 9h a 11h. Els m\u00e9s petits faran tallers i activitats amb fam\u00edlies volunt\u00e0ries.<\/p>\n<p>A la tarda menjarem castanyes i farem balls. Iniciarem la festa de la castanyada cantant tots junts la can\u00e7\u00f3 <a href=\"https:\/\/www.youtube.com\/watch?v=exaXNv0CSAw\">Les castanyes peten, peten de la D\u00e0maris Gelabert.<\/a><\/p>\n<p>Els m\u00e9s petits <em>La castanyera de D\u00e0maris Gelabert<\/em> , els mitjans <em><a href=\"https:\/\/www.youtube.com\/watch?v=tMAbXUkmXS4\">El ball franc\u00e8s<\/a><\/em>, els grans <a href=\"https:\/\/www.youtube.com\/watch?v=pG_kbKuHY6M&amp;t=71s\"><em>el Circassian circle<\/em><\/a> i tots junts el ball de La Castanyera.<\/p>\n<p><strong>A les 15:25h obrirem les portes a les fam\u00edlies<\/strong> per poder compartir la festa una estona junts.<\/p>\n<p>A la tarda <strong>es podr\u00e0 venir a l&#8217;escola disfressat de castanyer o castanyera.<\/strong> Els usuaris de menjador caldr\u00e0 que portin la disfressa dins d&#8217;una bossa.<\/p>\n<p><strong><img loading=\"lazy\" decoding=\"async\" class=\"wp-image-12314 alignleft\" src=\"https:\/\/agora.xtec.cat\/escolalavilapalamos\/wp-content\/uploads\/usu897\/2022\/10\/Castanyada-2022.jpg\" alt=\"\" width=\"455\" height=\"453\" srcset=\"https:\/\/agora.xtec.cat\/escolalavilapalamos\/wp-content\/uploads\/usu897\/2022\/10\/Castanyada-2022.jpg 802w, https:\/\/agora.xtec.cat\/escolalavilapalamos\/wp-content\/uploads\/usu897\/2022\/10\/Castanyada-2022-300x300.jpg 300w, https:\/\/agora.xtec.cat\/escolalavilapalamos\/wp-content\/uploads\/usu897\/2022\/10\/Castanyada-2022-150x150.jpg 150w, https:\/\/agora.xtec.cat\/escolalavilapalamos\/wp-content\/uploads\/usu897\/2022\/10\/Castanyada-2022-768x765.jpg 768w\" sizes=\"auto, (max-width: 455px) 100vw, 455px\" \/>Del 24 al 28 d&#8217;octubre hauran de portar 15 castanyes amb el tall fet a la classe.<\/strong><\/p>\n<p>Pel divendres al mat\u00ed necessitem pares, mares, \u00e0vies&#8230;volunt\u00e0ries per fer de castanyera o castanyer a la comunitat de petits.<\/p>\n<p>Participeu en les activitats TAC de la castanyada a <a href=\"https:\/\/edu365.cat\/celebracions\/castanyada\/index.html\">www.edu365.cat\/celebracions\/castanyada<\/a><\/p>\n<p><strong>IMPORTANT<\/strong>: <em>Dilluns 31 d&#8217;octubre \u00e9s festiu en s<\/em><\/p>\n","protected":false},"excerpt":{"rendered":"<p>A l&#8217;escola estem comen\u00e7ant a preparar la festa de la Castanyada d&#8217;enguany.<br \/>\nRecuperem la tradici\u00f3 del detall de tardor. Volem decorar l&#8217;escola amb detalls de tardor: pinyes, castanyes, moniatos decorats. Proposem a les fam\u00edlies que ho feu a casa i ho porteu a l&#8217;escola. Del 20&hellip;  <a href=\"https:\/\/agora.xtec.cat\/escolalavilapalamos\/portada\/festa-de-la-castanyada-2022\/\" title=\"Read Festa de la Castanyada 2022\">Llegeix m\u00e9s\u00bb<\/a><\/p>\n","protected":false},"author":1,"featured_media":12280,"comment_status":"open","ping_status":"closed","sticky":false,"template":"","format":"standard","meta":{"_bbp_topic_count":0,"_bbp_reply_count":0,"_bbp_total_topic_count":0,"_bbp_total_reply_count":0,"_bbp_voice_count":0,"_bbp_anonymous_reply_count":0,"_bbp_topic_count_hidden":0,"_bbp_reply_count_hidden":0,"_bbp_forum_subforum_count":0,"footnotes":""},"categories":[7,4],"tags":[],"class_list":["post-12412","post","type-post","status-publish","format-standard","has-post-thumbnail","hentry","category-ampa","category-portada"],"post_mailing_queue_ids":[],"_links":{"self":[{"href":"https:\/\/agora.xtec.cat\/escolalavilapalamos\/wp-json\/wp\/v2\/posts\/12412","targetHints":{"allow":["GET"]}}],"collection":[{"href":"https:\/\/agora.xtec.cat\/escolalavilapalamos\/wp-json\/wp\/v2\/posts"}],"about":[{"href":"https:\/\/agora.xtec.cat\/escolalavilapalamos\/wp-json\/wp\/v2\/types\/post"}],"author":[{"embeddable":true,"href":"https:\/\/agora.xtec.cat\/escolalavilapalamos\/wp-json\/wp\/v2\/users\/1"}],"replies":[{"embeddable":true,"href":"https:\/\/agora.xtec.cat\/escolalavilapalamos\/wp-json\/wp\/v2\/comments?post=12412"}],"version-history":[{"count":1,"href":"https:\/\/agora.xtec.cat\/escolalavilapalamos\/wp-json\/wp\/v2\/posts\/12412\/revisions"}],"predecessor-version":[{"id":12413,"href":"https:\/\/agora.xtec.cat\/escolalavilapalamos\/wp-json\/wp\/v2\/posts\/12412\/revisions\/12413"}],"wp:featuredmedia":[{"embeddable":true,"href":"https:\/\/agora.xtec.cat\/escolalavilapalamos\/wp-json\/wp\/v2\/media\/12280"}],"wp:attachment":[{"href":"https:\/\/agora.xtec.cat\/escolalavilapalamos\/wp-json\/wp\/v2\/media?parent=12412"}],"wp:term":[{"taxonomy":"category","embeddable":true,"href":"https:\/\/agora.xtec.cat\/escolalavilapalamos\/wp-json\/wp\/v2\/categories?post=12412"},{"taxonomy":"post_tag","embeddable":true,"href":"https:\/\/agora.xtec.cat\/escolalavilapalamos\/wp-json\/wp\/v2\/tags?post=12412"}],"curies":[{"name":"wp","href":"https:\/\/api.w.org\/{rel}","templated":true}]}}