{"id":12387,"date":"2022-10-28T19:32:35","date_gmt":"2022-10-28T17:32:35","guid":{"rendered":"https:\/\/agora.xtec.cat\/escolalavilapalamos\/?p=12387"},"modified":"2022-10-28T21:33:19","modified_gmt":"2022-10-28T19:33:19","slug":"lhora-de-fer-musica","status":"publish","type":"post","link":"https:\/\/agora.xtec.cat\/escolalavilapalamos\/portada\/lhora-de-fer-musica\/","title":{"rendered":"L&#8217;hora de fer m\u00fasica!"},"content":{"rendered":"<p><a href=\"https:\/\/agora.xtec.cat\/escolalavilapalamos\/wp-content\/uploads\/usu897\/2022\/10\/musica.jpg\"><img loading=\"lazy\" decoding=\"async\" class=\"wp-image-12393 alignright\" src=\"https:\/\/agora.xtec.cat\/escolalavilapalamos\/wp-content\/uploads\/usu897\/2022\/10\/musica.jpg\" alt=\"\" width=\"383\" height=\"291\" srcset=\"https:\/\/agora.xtec.cat\/escolalavilapalamos\/wp-content\/uploads\/usu897\/2022\/10\/musica.jpg 604w, https:\/\/agora.xtec.cat\/escolalavilapalamos\/wp-content\/uploads\/usu897\/2022\/10\/musica-300x228.jpg 300w\" sizes=\"auto, (max-width: 383px) 100vw, 383px\" \/><\/a>Aquest inici de curs a m\u00fasica hem acomiadat a la Lourdes. Abans de marxar, ens va deixar provar tots els instruments que tenim a l&#8217;aula de m\u00fasica que encara no hav\u00edem pogut tocar. Moltes gr\u00e0cies Lourdes per fer viure la m\u00fasica a tota l\u2019escola!<\/p>\n<p>I, despr\u00e9s d\u2019aquest comiat, hem comen\u00e7at el curs musical cantant, tocant instruments i ballant. Amb poc temps ja hem utilitzat diferents t\u00e8cniques per interpretar amb el cos, la veu i els instruments molts ritmes i melodies.<\/p>\n<p>Aquestes \u00faltimes setmanes, per comunitats ens hem centrat en preparar una dansa tradicional per ballar-la tots junts el dia de la castanyada. Tot i que les danses no eren f\u00e0cils, les hem estat practicant i hem aconseguit que ens surtin d\u2019all\u00f2 m\u00e9s b\u00e9. Segur que fam\u00edlies hi estareu avui m\u00e9s que d\u2019acord!<\/p>\n<p>Per\u00f2, a part de preparar la castanyada, tamb\u00e9 hem comen\u00e7at a escalfar la veu i a interpretar diferents can\u00e7ons amb instruments de percussi\u00f3. Sabem que hi ha molts instruments a l\u2019aula de m\u00fasica i poc a poc els anirem descobrint tots, per\u00f2 de moment comen\u00e7arem per la fam\u00edlia dels instruments de percussi\u00f3 tot aprenent i creant ritmes amb els tabals, els toms, els tambors, les caixes, les maraques, el triangle&#8230;<\/p>\n<p>Aix\u00ed doncs, aquest inici ha estat d\u2019all\u00f2 m\u00e9s r\u00edtmic!!<\/p>\n<p>*Podeu accedir a alguna foto o v\u00eddeo d&#8217;alguna de les activitats clicant a <a href=\"https:\/\/photos.app.goo.gl\/Sk9K4DiXfU6RDMVH7\">AQU\u00cd.<\/a><\/p>\n<p><iframe loading=\"lazy\" src=\"\/\/www.youtube.com\/embed\/UwZfD0rjeVk\" width=\"560\" height=\"314\"><\/iframe><\/p>\n","protected":false},"excerpt":{"rendered":"<p><a href=\"https:\/\/agora.xtec.cat\/escolalavilapalamos\/wp-content\/uploads\/usu897\/2022\/10\/musica.jpg\"><\/a>Aquest inici de curs a m\u00fasica hem acomiadat a la Lourdes. Abans de marxar, ens va deixar provar tots els instruments que tenim a l&#8217;aula de m\u00fasica que encara no hav\u00edem pogut tocar. Moltes gr\u00e0cies Lourdes per fer viure la m\u00fasica a tota l\u2019escola!<br \/>\nI,&hellip;  <a href=\"https:\/\/agora.xtec.cat\/escolalavilapalamos\/portada\/lhora-de-fer-musica\/\" title=\"Read L&#8217;hora de fer m\u00fasica!\">Llegeix m\u00e9s\u00bb<\/a><\/p>\n","protected":false},"author":5,"featured_media":12393,"comment_status":"open","ping_status":"closed","sticky":false,"template":"","format":"standard","meta":{"_bbp_topic_count":0,"_bbp_reply_count":0,"_bbp_total_topic_count":0,"_bbp_total_reply_count":0,"_bbp_voice_count":0,"_bbp_anonymous_reply_count":0,"_bbp_topic_count_hidden":0,"_bbp_reply_count_hidden":0,"_bbp_forum_subforum_count":0,"footnotes":""},"categories":[68,4],"tags":[],"class_list":["post-12387","post","type-post","status-publish","format-standard","has-post-thumbnail","hentry","category-musica","category-portada"],"post_mailing_queue_ids":[],"_links":{"self":[{"href":"https:\/\/agora.xtec.cat\/escolalavilapalamos\/wp-json\/wp\/v2\/posts\/12387","targetHints":{"allow":["GET"]}}],"collection":[{"href":"https:\/\/agora.xtec.cat\/escolalavilapalamos\/wp-json\/wp\/v2\/posts"}],"about":[{"href":"https:\/\/agora.xtec.cat\/escolalavilapalamos\/wp-json\/wp\/v2\/types\/post"}],"author":[{"embeddable":true,"href":"https:\/\/agora.xtec.cat\/escolalavilapalamos\/wp-json\/wp\/v2\/users\/5"}],"replies":[{"embeddable":true,"href":"https:\/\/agora.xtec.cat\/escolalavilapalamos\/wp-json\/wp\/v2\/comments?post=12387"}],"version-history":[{"count":3,"href":"https:\/\/agora.xtec.cat\/escolalavilapalamos\/wp-json\/wp\/v2\/posts\/12387\/revisions"}],"predecessor-version":[{"id":12395,"href":"https:\/\/agora.xtec.cat\/escolalavilapalamos\/wp-json\/wp\/v2\/posts\/12387\/revisions\/12395"}],"wp:featuredmedia":[{"embeddable":true,"href":"https:\/\/agora.xtec.cat\/escolalavilapalamos\/wp-json\/wp\/v2\/media\/12393"}],"wp:attachment":[{"href":"https:\/\/agora.xtec.cat\/escolalavilapalamos\/wp-json\/wp\/v2\/media?parent=12387"}],"wp:term":[{"taxonomy":"category","embeddable":true,"href":"https:\/\/agora.xtec.cat\/escolalavilapalamos\/wp-json\/wp\/v2\/categories?post=12387"},{"taxonomy":"post_tag","embeddable":true,"href":"https:\/\/agora.xtec.cat\/escolalavilapalamos\/wp-json\/wp\/v2\/tags?post=12387"}],"curies":[{"name":"wp","href":"https:\/\/api.w.org\/{rel}","templated":true}]}}