{"id":12375,"date":"2022-10-28T10:56:38","date_gmt":"2022-10-28T08:56:38","guid":{"rendered":"https:\/\/agora.xtec.cat\/escolalavilapalamos\/?p=12375"},"modified":"2022-10-28T10:56:38","modified_gmt":"2022-10-28T08:56:38","slug":"ja-tenim-nou-rocodrom-a-lescola","status":"publish","type":"post","link":"https:\/\/agora.xtec.cat\/escolalavilapalamos\/general\/ja-tenim-nou-rocodrom-a-lescola\/","title":{"rendered":"Ja tenim nou roc\u00f2drom a l&#8217;escola!"},"content":{"rendered":"<p><a href=\"https:\/\/photos.app.goo.gl\/meRWX74cuhLwoUaH8\"><img loading=\"lazy\" decoding=\"async\" class=\"wp-image-12376 aligncenter\" src=\"https:\/\/agora.xtec.cat\/escolalavilapalamos\/wp-content\/uploads\/usu897\/2022\/10\/IMG-20221026-WA0004-1024x1024.jpg\" alt=\"\" width=\"607\" height=\"607\" srcset=\"https:\/\/agora.xtec.cat\/escolalavilapalamos\/wp-content\/uploads\/usu897\/2022\/10\/IMG-20221026-WA0004-1024x1024.jpg 1024w, https:\/\/agora.xtec.cat\/escolalavilapalamos\/wp-content\/uploads\/usu897\/2022\/10\/IMG-20221026-WA0004-300x300.jpg 300w, https:\/\/agora.xtec.cat\/escolalavilapalamos\/wp-content\/uploads\/usu897\/2022\/10\/IMG-20221026-WA0004-150x150.jpg 150w, https:\/\/agora.xtec.cat\/escolalavilapalamos\/wp-content\/uploads\/usu897\/2022\/10\/IMG-20221026-WA0004-768x768.jpg 768w, https:\/\/agora.xtec.cat\/escolalavilapalamos\/wp-content\/uploads\/usu897\/2022\/10\/IMG-20221026-WA0004-1536x1536.jpg 1536w, https:\/\/agora.xtec.cat\/escolalavilapalamos\/wp-content\/uploads\/usu897\/2022\/10\/IMG-20221026-WA0004.jpg 1800w\" sizes=\"auto, (max-width: 607px) 100vw, 607px\" \/><\/a><\/p>\n<p>El passat dimarts 25 d&#8217;octubre durant la jornada d&#8217;espais exteriors que es va celebrar a l&#8217;escola, es va instal\u00b7lar un nou equipament esportiu. Gr\u00e0cies a l&#8217;ajuda de tres components del club alp\u00ed Palam\u00f3s, mestres i fam\u00edlies, les nenes i nens de l&#8217;escola ja poden gaudir d&#8217;un roc\u00f2drom on podran practicar aquest interessant esport.<\/p>\n<p>Clicant sobre la imatge en podreu veure un recull.<\/p>\n<p>&nbsp;<\/p>\n<p>&nbsp;<\/p>\n","protected":false},"excerpt":{"rendered":"<p><a href=\"https:\/\/photos.app.goo.gl\/meRWX74cuhLwoUaH8\"><\/a><br \/>\nEl passat dimarts 25 d&#8217;octubre durant la jornada d&#8217;espais exteriors que es va celebrar a l&#8217;escola, es va instal\u00b7lar un nou equipament esportiu. Gr\u00e0cies a l&#8217;ajuda de tres components del club alp\u00ed Palam\u00f3s, mestres i fam\u00edlies, les nenes i nens de l&#8217;escola ja poden&hellip;  <a href=\"https:\/\/agora.xtec.cat\/escolalavilapalamos\/general\/ja-tenim-nou-rocodrom-a-lescola\/\" title=\"Read Ja tenim nou roc\u00f2drom a l&#8217;escola!\">Llegeix m\u00e9s\u00bb<\/a><\/p>\n","protected":false},"author":167,"featured_media":12376,"comment_status":"open","ping_status":"closed","sticky":false,"template":"","format":"standard","meta":{"_bbp_topic_count":0,"_bbp_reply_count":0,"_bbp_total_topic_count":0,"_bbp_total_reply_count":0,"_bbp_voice_count":0,"_bbp_anonymous_reply_count":0,"_bbp_topic_count_hidden":0,"_bbp_reply_count_hidden":0,"_bbp_forum_subforum_count":0,"footnotes":""},"categories":[70,67,1,4,5],"tags":[],"class_list":["post-12375","post","type-post","status-publish","format-standard","has-post-thumbnail","hentry","category-efi","category-especialistes","category-general","category-portada","category-primaria"],"post_mailing_queue_ids":[],"_links":{"self":[{"href":"https:\/\/agora.xtec.cat\/escolalavilapalamos\/wp-json\/wp\/v2\/posts\/12375","targetHints":{"allow":["GET"]}}],"collection":[{"href":"https:\/\/agora.xtec.cat\/escolalavilapalamos\/wp-json\/wp\/v2\/posts"}],"about":[{"href":"https:\/\/agora.xtec.cat\/escolalavilapalamos\/wp-json\/wp\/v2\/types\/post"}],"author":[{"embeddable":true,"href":"https:\/\/agora.xtec.cat\/escolalavilapalamos\/wp-json\/wp\/v2\/users\/167"}],"replies":[{"embeddable":true,"href":"https:\/\/agora.xtec.cat\/escolalavilapalamos\/wp-json\/wp\/v2\/comments?post=12375"}],"version-history":[{"count":2,"href":"https:\/\/agora.xtec.cat\/escolalavilapalamos\/wp-json\/wp\/v2\/posts\/12375\/revisions"}],"predecessor-version":[{"id":12378,"href":"https:\/\/agora.xtec.cat\/escolalavilapalamos\/wp-json\/wp\/v2\/posts\/12375\/revisions\/12378"}],"wp:featuredmedia":[{"embeddable":true,"href":"https:\/\/agora.xtec.cat\/escolalavilapalamos\/wp-json\/wp\/v2\/media\/12376"}],"wp:attachment":[{"href":"https:\/\/agora.xtec.cat\/escolalavilapalamos\/wp-json\/wp\/v2\/media?parent=12375"}],"wp:term":[{"taxonomy":"category","embeddable":true,"href":"https:\/\/agora.xtec.cat\/escolalavilapalamos\/wp-json\/wp\/v2\/categories?post=12375"},{"taxonomy":"post_tag","embeddable":true,"href":"https:\/\/agora.xtec.cat\/escolalavilapalamos\/wp-json\/wp\/v2\/tags?post=12375"}],"curies":[{"name":"wp","href":"https:\/\/api.w.org\/{rel}","templated":true}]}}