{"id":12338,"date":"2022-11-01T16:00:36","date_gmt":"2022-11-01T15:00:36","guid":{"rendered":"https:\/\/agora.xtec.cat\/escolalavilapalamos\/?p=12338"},"modified":"2022-11-11T09:03:20","modified_gmt":"2022-11-11T08:03:20","slug":"colonies-a-can-maiol-de-sant-andreu-salou","status":"publish","type":"post","link":"https:\/\/agora.xtec.cat\/escolalavilapalamos\/general\/colonies-a-can-maiol-de-sant-andreu-salou\/","title":{"rendered":"Anem de col\u00f2nies"},"content":{"rendered":"<p><img loading=\"lazy\" decoding=\"async\" class=\"alignleft wp-image-12342 \" src=\"https:\/\/agora.xtec.cat\/escolalavilapalamos\/wp-content\/uploads\/usu897\/2022\/10\/can_maiol_05.jpg\" alt=\"\" width=\"389\" height=\"292\" srcset=\"https:\/\/agora.xtec.cat\/escolalavilapalamos\/wp-content\/uploads\/usu897\/2022\/10\/can_maiol_05.jpg 1600w, https:\/\/agora.xtec.cat\/escolalavilapalamos\/wp-content\/uploads\/usu897\/2022\/10\/can_maiol_05-300x225.jpg 300w, https:\/\/agora.xtec.cat\/escolalavilapalamos\/wp-content\/uploads\/usu897\/2022\/10\/can_maiol_05-1024x768.jpg 1024w, https:\/\/agora.xtec.cat\/escolalavilapalamos\/wp-content\/uploads\/usu897\/2022\/10\/can_maiol_05-768x576.jpg 768w, https:\/\/agora.xtec.cat\/escolalavilapalamos\/wp-content\/uploads\/usu897\/2022\/10\/can_maiol_05-1536x1152.jpg 1536w, https:\/\/agora.xtec.cat\/escolalavilapalamos\/wp-content\/uploads\/usu897\/2022\/10\/can_maiol_05-200x150.jpg 200w\" sizes=\"auto, (max-width: 389px) 100vw, 389px\" \/>El curs 2022-23 anirem de <strong>col\u00f2nies. <\/strong>Els m\u00e9s petits van de col\u00f2nies a\u00a0<strong><a href=\"http:\/\/www.canmaiol.com\/\">Can Maiol de Sant Andreu Salou<\/a> ( a prop de Cass\u00e0 de la Selva)\u00a0<\/strong> i els mitjans i els grans van de col\u00f2nies al <strong><a href=\"http:\/\/www.elginebro.com\/ca\/inici.aspx\">Ginebr\u00f3 de Vilopriu<\/a> .<\/strong> El preu aproximat \u00e9s de 90\u20ac. Aix\u00f2 inclou autocar , estada i tallers, i tamb\u00e9 la comissi\u00f3 de La Caixa. Per tal de poder confirmar la reserva a la casa de col\u00f2nies,<strong> cal fer el pagament de 50\u20ac mitjan\u00e7ant el codi de barres.<\/strong><\/p>\n<p><strong>Cal indicar els noms i cognoms i curs de l&#8217;alumne<\/strong>\u00a0a l&#8217;hora de fer el pagament.<\/p>\n<p>Per\u00edode de pagament:\u00a0<strong>del dijous 27 d&#8217;octubre a divendres 11 de novembre incl\u00f2s<\/strong>.<\/p>\n<p><strong>Cal retornar l&#8217;autoritzaci\u00f3 i el comprovant d&#8217;ingr\u00e9s a la\/el tutora\/r com a molt tard el dilluns 14 de novembre.<\/strong><\/p>\n<p>Us podeu descarregar les autoritzacions i els codis de barres aqu\u00ed:<\/p>\n<p><a href=\"https:\/\/drive.google.com\/file\/d\/1F7gr2Sj8plQo2_njwZKUGL4BWyBXThwL\/view?usp=sharing\">Comunitat de petits (P4 i P5). Col\u00f2nies 20 i 21 d&#8217;abril de 2023<\/a><\/p>\n<p><a href=\"https:\/\/drive.google.com\/file\/d\/1nTTY5QQLSTnZC1odGjgHf-yG0pVu-E_L\/view?usp=sharing\">Comunitat de mitjans (1r, 2n i 3r). Col\u00f2nies 17 i 18 d&#8217;abril de 2023<\/a><\/p>\n<p><a href=\"https:\/\/drive.google.com\/file\/d\/1OwCBtYbceeJIy_FcPy4H7oEtCcsU_ZA3\/view?usp=sharing\">Comunitat de grans (4t, 5\u00e8). Col\u00f2nies 18 i 19 d&#8217;abril de 2023<\/a><\/p>\n","protected":false},"excerpt":{"rendered":"<p>El curs 2022-23 anirem de col\u00f2nies. Els m\u00e9s petits van de col\u00f2nies a\u00a0<a href=\"http:\/\/www.canmaiol.com\/\">Can Maiol de Sant Andreu Salou<\/a> ( a prop de Cass\u00e0 de la Selva)\u00a0 i els mitjans i els grans van de col\u00f2nies al <a href=\"http:\/\/www.elginebro.com\/ca\/inici.aspx\">Ginebr\u00f3 de Vilopriu<\/a> . El preu aproximat&hellip;  <a href=\"https:\/\/agora.xtec.cat\/escolalavilapalamos\/general\/colonies-a-can-maiol-de-sant-andreu-salou\/\" title=\"Read Anem de col\u00f2nies\">Llegeix m\u00e9s\u00bb<\/a><\/p>\n","protected":false},"author":1,"featured_media":12342,"comment_status":"open","ping_status":"closed","sticky":false,"template":"","format":"standard","meta":{"_bbp_topic_count":0,"_bbp_reply_count":0,"_bbp_total_topic_count":0,"_bbp_total_reply_count":0,"_bbp_voice_count":0,"_bbp_anonymous_reply_count":0,"_bbp_topic_count_hidden":0,"_bbp_reply_count_hidden":0,"_bbp_forum_subforum_count":0,"footnotes":""},"categories":[128,127,2,1,4],"tags":[],"class_list":["post-12338","post","type-post","status-publish","format-standard","has-post-thumbnail","hentry","category-comunitat-de-grans","category-comunitat-de-mitjans","category-infantil","category-general","category-portada"],"post_mailing_queue_ids":[],"_links":{"self":[{"href":"https:\/\/agora.xtec.cat\/escolalavilapalamos\/wp-json\/wp\/v2\/posts\/12338","targetHints":{"allow":["GET"]}}],"collection":[{"href":"https:\/\/agora.xtec.cat\/escolalavilapalamos\/wp-json\/wp\/v2\/posts"}],"about":[{"href":"https:\/\/agora.xtec.cat\/escolalavilapalamos\/wp-json\/wp\/v2\/types\/post"}],"author":[{"embeddable":true,"href":"https:\/\/agora.xtec.cat\/escolalavilapalamos\/wp-json\/wp\/v2\/users\/1"}],"replies":[{"embeddable":true,"href":"https:\/\/agora.xtec.cat\/escolalavilapalamos\/wp-json\/wp\/v2\/comments?post=12338"}],"version-history":[{"count":3,"href":"https:\/\/agora.xtec.cat\/escolalavilapalamos\/wp-json\/wp\/v2\/posts\/12338\/revisions"}],"predecessor-version":[{"id":12348,"href":"https:\/\/agora.xtec.cat\/escolalavilapalamos\/wp-json\/wp\/v2\/posts\/12338\/revisions\/12348"}],"wp:featuredmedia":[{"embeddable":true,"href":"https:\/\/agora.xtec.cat\/escolalavilapalamos\/wp-json\/wp\/v2\/media\/12342"}],"wp:attachment":[{"href":"https:\/\/agora.xtec.cat\/escolalavilapalamos\/wp-json\/wp\/v2\/media?parent=12338"}],"wp:term":[{"taxonomy":"category","embeddable":true,"href":"https:\/\/agora.xtec.cat\/escolalavilapalamos\/wp-json\/wp\/v2\/categories?post=12338"},{"taxonomy":"post_tag","embeddable":true,"href":"https:\/\/agora.xtec.cat\/escolalavilapalamos\/wp-json\/wp\/v2\/tags?post=12338"}],"curies":[{"name":"wp","href":"https:\/\/api.w.org\/{rel}","templated":true}]}}