{"id":12290,"date":"2022-10-21T16:48:35","date_gmt":"2022-10-21T14:48:35","guid":{"rendered":"https:\/\/agora.xtec.cat\/escolalavilapalamos\/?p=12290"},"modified":"2022-10-21T16:51:13","modified_gmt":"2022-10-21T14:51:13","slug":"el-meu-poble","status":"publish","type":"post","link":"https:\/\/agora.xtec.cat\/escolalavilapalamos\/portada\/el-meu-poble\/","title":{"rendered":"El meu poble!"},"content":{"rendered":"<p><span style=\"font-weight: 400;\"><img loading=\"lazy\" decoding=\"async\" class=\"wp-image-12303 alignright\" src=\"https:\/\/agora.xtec.cat\/escolalavilapalamos\/wp-content\/uploads\/usu897\/2022\/10\/1665736738731.jpg\" alt=\"\" width=\"435\" height=\"326\" srcset=\"https:\/\/agora.xtec.cat\/escolalavilapalamos\/wp-content\/uploads\/usu897\/2022\/10\/1665736738731.jpg 1248w, https:\/\/agora.xtec.cat\/escolalavilapalamos\/wp-content\/uploads\/usu897\/2022\/10\/1665736738731-300x225.jpg 300w, https:\/\/agora.xtec.cat\/escolalavilapalamos\/wp-content\/uploads\/usu897\/2022\/10\/1665736738731-1024x768.jpg 1024w, https:\/\/agora.xtec.cat\/escolalavilapalamos\/wp-content\/uploads\/usu897\/2022\/10\/1665736738731-768x576.jpg 768w, https:\/\/agora.xtec.cat\/escolalavilapalamos\/wp-content\/uploads\/usu897\/2022\/10\/1665736738731-200x150.jpg 200w\" sizes=\"auto, (max-width: 435px) 100vw, 435px\" \/>Els alumnes de 3r han iniciat <strong>el treball globalitzat a trav\u00e9s del projecte \u201cEl poble\u201d.<\/strong><\/span><\/p>\n<p><span style=\"font-weight: 400;\">Ha arribat una mestra nova a l\u2019escola i volen ajudar-la a con\u00e8ixer Palam\u00f3s!<\/span><\/p>\n<p><span style=\"font-weight: 400;\">Hem fet un treball interdisciplinari per con\u00e8ixer l\u2019organitzaci\u00f3 del poble i identificar els principals serveis, monuments i llocs emblem\u00e0tics que el formen. Els alumnes han conegut la seva hist\u00f2ria i han quedat sorpresos dels canvis i l\u2019evoluci\u00f3 que ha viscut.\u00a0<\/span><\/p>\n<p><span style=\"font-weight: 400;\">Tamb\u00e9 hem treballat a partir de pl\u00e0nols per convertir-nos en guies tur\u00edstics i crear itineraris de Palam\u00f3s. D\u2019aquesta manera, han apr\u00e8s a interpretar la llegenda del pl\u00e0nol, a ubicar els diferents llocs i a orientar-se.\u00a0<\/span><\/p>\n<p><span style=\"font-weight: 400;\">Hem volgut vivenciar una d\u2019aquestes rutes i, per aix\u00f2, el dijous 14 vam sortir a con\u00e8ixer l\u2019entorn de l\u2019escola fins a arribar al Convent dels Agustins per veure les restes arqueol\u00f2giques de l\u2019ermita i del claustre.\u00a0<\/span><\/p>\n<p>Ens ho hem passat molt b\u00e9!<\/p>\n<p><a href=\"https:\/\/photos.app.goo.gl\/R48uesqS71XconoHA\">Mireu les fotos aqu\u00ed<\/a><\/p>\n","protected":false},"excerpt":{"rendered":"<p>Els alumnes de 3r han iniciat el treball globalitzat a trav\u00e9s del projecte \u201cEl poble\u201d.<br \/>\nHa arribat una mestra nova a l\u2019escola i volen ajudar-la a con\u00e8ixer Palam\u00f3s!<br \/>\nHem fet un treball interdisciplinari per con\u00e8ixer l\u2019organitzaci\u00f3 del poble i identificar els principals serveis, monuments i llocs emblem\u00e0tics&hellip;  <a href=\"https:\/\/agora.xtec.cat\/escolalavilapalamos\/portada\/el-meu-poble\/\" title=\"Read El meu poble!\">Llegeix m\u00e9s\u00bb<\/a><\/p>\n","protected":false},"author":131,"featured_media":12303,"comment_status":"open","ping_status":"closed","sticky":false,"template":"","format":"standard","meta":{"_bbp_topic_count":0,"_bbp_reply_count":0,"_bbp_total_topic_count":0,"_bbp_total_reply_count":0,"_bbp_voice_count":0,"_bbp_anonymous_reply_count":0,"_bbp_topic_count_hidden":0,"_bbp_reply_count_hidden":0,"_bbp_forum_subforum_count":0,"footnotes":""},"categories":[127,4,5],"tags":[],"class_list":["post-12290","post","type-post","status-publish","format-standard","has-post-thumbnail","hentry","category-comunitat-de-mitjans","category-portada","category-primaria"],"post_mailing_queue_ids":[],"_links":{"self":[{"href":"https:\/\/agora.xtec.cat\/escolalavilapalamos\/wp-json\/wp\/v2\/posts\/12290","targetHints":{"allow":["GET"]}}],"collection":[{"href":"https:\/\/agora.xtec.cat\/escolalavilapalamos\/wp-json\/wp\/v2\/posts"}],"about":[{"href":"https:\/\/agora.xtec.cat\/escolalavilapalamos\/wp-json\/wp\/v2\/types\/post"}],"author":[{"embeddable":true,"href":"https:\/\/agora.xtec.cat\/escolalavilapalamos\/wp-json\/wp\/v2\/users\/131"}],"replies":[{"embeddable":true,"href":"https:\/\/agora.xtec.cat\/escolalavilapalamos\/wp-json\/wp\/v2\/comments?post=12290"}],"version-history":[{"count":3,"href":"https:\/\/agora.xtec.cat\/escolalavilapalamos\/wp-json\/wp\/v2\/posts\/12290\/revisions"}],"predecessor-version":[{"id":12301,"href":"https:\/\/agora.xtec.cat\/escolalavilapalamos\/wp-json\/wp\/v2\/posts\/12290\/revisions\/12301"}],"wp:featuredmedia":[{"embeddable":true,"href":"https:\/\/agora.xtec.cat\/escolalavilapalamos\/wp-json\/wp\/v2\/media\/12303"}],"wp:attachment":[{"href":"https:\/\/agora.xtec.cat\/escolalavilapalamos\/wp-json\/wp\/v2\/media?parent=12290"}],"wp:term":[{"taxonomy":"category","embeddable":true,"href":"https:\/\/agora.xtec.cat\/escolalavilapalamos\/wp-json\/wp\/v2\/categories?post=12290"},{"taxonomy":"post_tag","embeddable":true,"href":"https:\/\/agora.xtec.cat\/escolalavilapalamos\/wp-json\/wp\/v2\/tags?post=12290"}],"curies":[{"name":"wp","href":"https:\/\/api.w.org\/{rel}","templated":true}]}}