{"id":12249,"date":"2022-10-17T09:54:03","date_gmt":"2022-10-17T07:54:03","guid":{"rendered":"https:\/\/agora.xtec.cat\/escolalavilapalamos\/?p=12249"},"modified":"2022-10-17T09:54:03","modified_gmt":"2022-10-17T07:54:03","slug":"els-espais-daprenentatge-a-la-comunitat-de-petits","status":"publish","type":"post","link":"https:\/\/agora.xtec.cat\/escolalavilapalamos\/general\/els-espais-daprenentatge-a-la-comunitat-de-petits\/","title":{"rendered":"Els Espais d&#8217;Aprenentatge a la Comunitat de Petits"},"content":{"rendered":"<p><strong><a href=\"https:\/\/photos.app.goo.gl\/a9J6oGAVMgTm9mNq6\"><img loading=\"lazy\" decoding=\"async\" class=\"wp-image-12268  alignright\" src=\"https:\/\/agora.xtec.cat\/escolalavilapalamos\/wp-content\/uploads\/usu897\/2022\/10\/20221014_144231.jpg\" alt=\"\" width=\"308\" height=\"289\" srcset=\"https:\/\/agora.xtec.cat\/escolalavilapalamos\/wp-content\/uploads\/usu897\/2022\/10\/20221014_144231.jpg 820w, https:\/\/agora.xtec.cat\/escolalavilapalamos\/wp-content\/uploads\/usu897\/2022\/10\/20221014_144231-300x282.jpg 300w, https:\/\/agora.xtec.cat\/escolalavilapalamos\/wp-content\/uploads\/usu897\/2022\/10\/20221014_144231-768x721.jpg 768w\" sizes=\"auto, (max-width: 308px) 100vw, 308px\" \/><\/a>A la Comunitat de Petits hem iniciat els Espais d&#8217;Aprenentatge.<\/strong><\/p>\n<p>Aquest curs s&#8217;han preparat cinc Espais: art, construccions, espais exteriors, joc simb\u00f2lic i llum. Els dilluns a la tarda cada infant escull l&#8217;Espai que vol visitar al llarg de la setmana. Cada Espai l&#8217;identifiquem amb una pin\u00e7a de color.<\/p>\n<p>Les sessions d&#8217;Espais, tenen una estructura organitzativa: a l&#8217;arribada ens trobem tots en rotllana per donar-nos la benvinguda. \u00c9s el moment en que la mestra \u00e9s la responsable de presentar les propostes i el material que els infants tenen a la seva disposici\u00f3. Una segona part, on l&#8217;infant \u00e9s el protagonista i constructor del seu propi aprenentatge: investiga, prova, experimenta, interacciona amb el material, juga i es relaciona amb els companys i companyes dels altres grups d&#8217;edat. Per finalitzar la sessi\u00f3, es fa un tancament reflexiu en rotllana on es comparteix el treball realitzat durant la sessi\u00f3, qu\u00e8 hem descobert, qu\u00e8 necessitem per a la propera sessi\u00f3&#8230;<\/p>\n<p>Per veure les fotos, cliqueu damunt la imatge.<\/p>\n","protected":false},"excerpt":{"rendered":"<p><a href=\"https:\/\/photos.app.goo.gl\/a9J6oGAVMgTm9mNq6\"><\/a>A la Comunitat de Petits hem iniciat els Espais d&#8217;Aprenentatge.<br \/>\nAquest curs s&#8217;han preparat cinc Espais: art, construccions, espais exteriors, joc simb\u00f2lic i llum. Els dilluns a la tarda cada infant escull l&#8217;Espai que vol visitar al llarg de la setmana. Cada Espai l&#8217;identifiquem amb&hellip;  <a href=\"https:\/\/agora.xtec.cat\/escolalavilapalamos\/general\/els-espais-daprenentatge-a-la-comunitat-de-petits\/\" title=\"Read Els Espais d&#8217;Aprenentatge a la Comunitat de Petits\">Llegeix m\u00e9s\u00bb<\/a><\/p>\n","protected":false},"author":128,"featured_media":12268,"comment_status":"open","ping_status":"closed","sticky":false,"template":"","format":"standard","meta":{"_bbp_topic_count":0,"_bbp_reply_count":0,"_bbp_total_topic_count":0,"_bbp_total_reply_count":0,"_bbp_voice_count":0,"_bbp_anonymous_reply_count":0,"_bbp_topic_count_hidden":0,"_bbp_reply_count_hidden":0,"_bbp_forum_subforum_count":0,"footnotes":""},"categories":[2,1,4],"tags":[],"class_list":["post-12249","post","type-post","status-publish","format-standard","has-post-thumbnail","hentry","category-infantil","category-general","category-portada"],"post_mailing_queue_ids":[],"_links":{"self":[{"href":"https:\/\/agora.xtec.cat\/escolalavilapalamos\/wp-json\/wp\/v2\/posts\/12249","targetHints":{"allow":["GET"]}}],"collection":[{"href":"https:\/\/agora.xtec.cat\/escolalavilapalamos\/wp-json\/wp\/v2\/posts"}],"about":[{"href":"https:\/\/agora.xtec.cat\/escolalavilapalamos\/wp-json\/wp\/v2\/types\/post"}],"author":[{"embeddable":true,"href":"https:\/\/agora.xtec.cat\/escolalavilapalamos\/wp-json\/wp\/v2\/users\/128"}],"replies":[{"embeddable":true,"href":"https:\/\/agora.xtec.cat\/escolalavilapalamos\/wp-json\/wp\/v2\/comments?post=12249"}],"version-history":[{"count":3,"href":"https:\/\/agora.xtec.cat\/escolalavilapalamos\/wp-json\/wp\/v2\/posts\/12249\/revisions"}],"predecessor-version":[{"id":12274,"href":"https:\/\/agora.xtec.cat\/escolalavilapalamos\/wp-json\/wp\/v2\/posts\/12249\/revisions\/12274"}],"wp:featuredmedia":[{"embeddable":true,"href":"https:\/\/agora.xtec.cat\/escolalavilapalamos\/wp-json\/wp\/v2\/media\/12268"}],"wp:attachment":[{"href":"https:\/\/agora.xtec.cat\/escolalavilapalamos\/wp-json\/wp\/v2\/media?parent=12249"}],"wp:term":[{"taxonomy":"category","embeddable":true,"href":"https:\/\/agora.xtec.cat\/escolalavilapalamos\/wp-json\/wp\/v2\/categories?post=12249"},{"taxonomy":"post_tag","embeddable":true,"href":"https:\/\/agora.xtec.cat\/escolalavilapalamos\/wp-json\/wp\/v2\/tags?post=12249"}],"curies":[{"name":"wp","href":"https:\/\/api.w.org\/{rel}","templated":true}]}}