{"id":12248,"date":"2022-10-17T09:08:35","date_gmt":"2022-10-17T07:08:35","guid":{"rendered":"https:\/\/agora.xtec.cat\/escolalavilapalamos\/?p=12248"},"modified":"2022-10-17T09:38:38","modified_gmt":"2022-10-17T07:38:38","slug":"ens-fan-un-encarrec-a-2n","status":"publish","type":"post","link":"https:\/\/agora.xtec.cat\/escolalavilapalamos\/portada\/ens-fan-un-encarrec-a-2n\/","title":{"rendered":"Ens fan un enc\u00e0rrec a 2n!"},"content":{"rendered":"<p style=\"text-align: justify;\"><img loading=\"lazy\" decoding=\"async\" class=\"wp-image-12253 alignright\" src=\"https:\/\/agora.xtec.cat\/escolalavilapalamos\/wp-content\/uploads\/usu897\/2022\/10\/IMG20220930115916-scaled.jpg\" alt=\"\" width=\"449\" height=\"252\" srcset=\"https:\/\/agora.xtec.cat\/escolalavilapalamos\/wp-content\/uploads\/usu897\/2022\/10\/IMG20220930115916-scaled.jpg 2560w, https:\/\/agora.xtec.cat\/escolalavilapalamos\/wp-content\/uploads\/usu897\/2022\/10\/IMG20220930115916-300x169.jpg 300w, https:\/\/agora.xtec.cat\/escolalavilapalamos\/wp-content\/uploads\/usu897\/2022\/10\/IMG20220930115916-1024x576.jpg 1024w, https:\/\/agora.xtec.cat\/escolalavilapalamos\/wp-content\/uploads\/usu897\/2022\/10\/IMG20220930115916-768x432.jpg 768w, https:\/\/agora.xtec.cat\/escolalavilapalamos\/wp-content\/uploads\/usu897\/2022\/10\/IMG20220930115916-1536x864.jpg 1536w, https:\/\/agora.xtec.cat\/escolalavilapalamos\/wp-content\/uploads\/usu897\/2022\/10\/IMG20220930115916-2048x1152.jpg 2048w\" sizes=\"auto, (max-width: 449px) 100vw, 449px\" \/>A finals d&#8217;octubre els\/les alumnes de 2n vam rebre una visita ben especial! Van venir l&#8217;Aina i en Joan de 3r acompanyats d&#8217;en Ram\u00f3n per proposar-nos un repte d&#8217;all\u00f2 m\u00e9s motivador.<\/p>\n<p style=\"text-align: justify;\">Es veu que el curs passat\u00a0 l&#8217;alumnat de 2n, que ara fan 3r, van dinamitzar<strong> l&#8217;hort del pati<\/strong>. Tenien moltes ganes que la feina feta continu\u00e9s aquest nou curs. Aix\u00ed que ens van portar tot d&#8217;eines (n&#8217;haurem de descobrir els noms!) i ens van proposar continuar amb l&#8217;hort!<\/p>\n<p style=\"text-align: justify;\">Il\u00b7lusionats vam acceptar el repte i vam aprofitar per fer-los un munt de preguntes!<\/p>\n<p style=\"text-align: justify;\">Molt\u00edssimes gr\u00e0cies als de 3r per confiar en nosaltres.<\/p>\n<p style=\"text-align: justify;\">A continuaci\u00f3 teniu l&#8217;enlla\u00e7 per accedir a l&#8217;\u00e0lbum fotogr\u00e0fic:<\/p>\n<p style=\"text-align: center;\"><a href=\"https:\/\/photos.app.goo.gl\/KuufmHms2ScNjB7EA\">\u00c0LBUM FOTOGR\u00c0FIC<\/a><\/p>\n<p>Us anirem informant de totes les novetats!<\/p>\n","protected":false},"excerpt":{"rendered":"<p>A finals d&#8217;octubre els\/les alumnes de 2n vam rebre una visita ben especial! Van venir l&#8217;Aina i en Joan de 3r acompanyats d&#8217;en Ram\u00f3n per proposar-nos un repte d&#8217;all\u00f2 m\u00e9s motivador.<br \/>\nEs veu que el curs passat\u00a0 l&#8217;alumnat de 2n, que ara fan 3r, van dinamitzar&hellip;  <a href=\"https:\/\/agora.xtec.cat\/escolalavilapalamos\/portada\/ens-fan-un-encarrec-a-2n\/\" title=\"Read Ens fan un enc\u00e0rrec a 2n!\">Llegeix m\u00e9s\u00bb<\/a><\/p>\n","protected":false},"author":245,"featured_media":12253,"comment_status":"open","ping_status":"closed","sticky":false,"template":"","format":"standard","meta":{"_bbp_topic_count":0,"_bbp_reply_count":0,"_bbp_total_topic_count":0,"_bbp_total_reply_count":0,"_bbp_voice_count":0,"_bbp_anonymous_reply_count":0,"_bbp_topic_count_hidden":0,"_bbp_reply_count_hidden":0,"_bbp_forum_subforum_count":0,"footnotes":""},"categories":[127,4,5],"tags":[],"class_list":["post-12248","post","type-post","status-publish","format-standard","has-post-thumbnail","hentry","category-comunitat-de-mitjans","category-portada","category-primaria"],"post_mailing_queue_ids":[],"_links":{"self":[{"href":"https:\/\/agora.xtec.cat\/escolalavilapalamos\/wp-json\/wp\/v2\/posts\/12248","targetHints":{"allow":["GET"]}}],"collection":[{"href":"https:\/\/agora.xtec.cat\/escolalavilapalamos\/wp-json\/wp\/v2\/posts"}],"about":[{"href":"https:\/\/agora.xtec.cat\/escolalavilapalamos\/wp-json\/wp\/v2\/types\/post"}],"author":[{"embeddable":true,"href":"https:\/\/agora.xtec.cat\/escolalavilapalamos\/wp-json\/wp\/v2\/users\/245"}],"replies":[{"embeddable":true,"href":"https:\/\/agora.xtec.cat\/escolalavilapalamos\/wp-json\/wp\/v2\/comments?post=12248"}],"version-history":[{"count":3,"href":"https:\/\/agora.xtec.cat\/escolalavilapalamos\/wp-json\/wp\/v2\/posts\/12248\/revisions"}],"predecessor-version":[{"id":12271,"href":"https:\/\/agora.xtec.cat\/escolalavilapalamos\/wp-json\/wp\/v2\/posts\/12248\/revisions\/12271"}],"wp:featuredmedia":[{"embeddable":true,"href":"https:\/\/agora.xtec.cat\/escolalavilapalamos\/wp-json\/wp\/v2\/media\/12253"}],"wp:attachment":[{"href":"https:\/\/agora.xtec.cat\/escolalavilapalamos\/wp-json\/wp\/v2\/media?parent=12248"}],"wp:term":[{"taxonomy":"category","embeddable":true,"href":"https:\/\/agora.xtec.cat\/escolalavilapalamos\/wp-json\/wp\/v2\/categories?post=12248"},{"taxonomy":"post_tag","embeddable":true,"href":"https:\/\/agora.xtec.cat\/escolalavilapalamos\/wp-json\/wp\/v2\/tags?post=12248"}],"curies":[{"name":"wp","href":"https:\/\/api.w.org\/{rel}","templated":true}]}}