{"id":12243,"date":"2022-10-13T10:19:25","date_gmt":"2022-10-13T08:19:25","guid":{"rendered":"https:\/\/agora.xtec.cat\/escolalavilapalamos\/?p=12243"},"modified":"2022-10-17T09:20:50","modified_gmt":"2022-10-17T07:20:50","slug":"creacio-de-les-noves-agendes-a-5e","status":"publish","type":"post","link":"https:\/\/agora.xtec.cat\/escolalavilapalamos\/portada\/creacio-de-les-noves-agendes-a-5e\/","title":{"rendered":"Creaci\u00f3 de les noves agendes a 5\u00e8"},"content":{"rendered":"<p><span style=\"font-weight: 400;\">Una de les primeres activitats que duem a terme quan iniciem el curs \u00e9s la creaci\u00f3 de la portada de l\u2019agenda. \u00c9s una bona oportunitat per a fer un disseny propi ja que ens acompanyar\u00e0 durant tot el curs.\u00a0<\/span><\/p>\n<p><span style=\"font-weight: 400;\">Els nois i noies de 5\u00e8 aquest setembre van comen\u00e7ar a pensar la portada de l\u2019agenda a trav\u00e9s d\u2019una din\u00e0mica que ens proposava con\u00e8ixer-nos una mica m\u00e9s. Calia triar un animal a partir de les caracter\u00edstiques que pensem que tenim en com\u00fa amb ell. Per exemple els que es consideren m\u00e9s lleials, bons amics, protectors\u2026van escollir el gos. Si pensen que son alegres, positius, senzills\u2026triaven l\u2019au. I aix\u00ed cadasc\u00fa va decidir quin animal faria a la portada amb la t\u00e8cnica del collage. El fons el vam pintar amb aquarel.les i vam poder estrenar les taules noves de l\u2019aula d\u2019art. Les caracter\u00edstiques que els feien sentir m\u00e9s propers a l\u2019animal les han escrit tamb\u00e9 a la portada. Han quedat unes agendes precioses i molt personals.\u00a0<\/span><\/p>\n<p><span style=\"font-weight: 400;\">Podeu veure les fotos clicant la imatge.<\/span><\/p>\n<p><a href=\"https:\/\/photos.app.goo.gl\/o48V8PAJLR2gmzUo8\"><img loading=\"lazy\" decoding=\"async\" class=\"aligncenter size-large wp-image-12244\" src=\"https:\/\/agora.xtec.cat\/escolalavilapalamos\/wp-content\/uploads\/usu897\/2022\/10\/Alegre-1024x724.jpg\" alt=\"\" width=\"1024\" height=\"724\" srcset=\"https:\/\/agora.xtec.cat\/escolalavilapalamos\/wp-content\/uploads\/usu897\/2022\/10\/Alegre-1024x724.jpg 1024w, https:\/\/agora.xtec.cat\/escolalavilapalamos\/wp-content\/uploads\/usu897\/2022\/10\/Alegre-300x212.jpg 300w, https:\/\/agora.xtec.cat\/escolalavilapalamos\/wp-content\/uploads\/usu897\/2022\/10\/Alegre-768x543.jpg 768w, https:\/\/agora.xtec.cat\/escolalavilapalamos\/wp-content\/uploads\/usu897\/2022\/10\/Alegre-1536x1086.jpg 1536w, https:\/\/agora.xtec.cat\/escolalavilapalamos\/wp-content\/uploads\/usu897\/2022\/10\/Alegre-2048x1448.jpg 2048w\" sizes=\"auto, (max-width: 1024px) 100vw, 1024px\" \/><\/a><\/p>\n","protected":false},"excerpt":{"rendered":"<p>Una de les primeres activitats que duem a terme quan iniciem el curs \u00e9s la creaci\u00f3 de la portada de l\u2019agenda. \u00c9s una bona oportunitat per a fer un disseny propi ja que ens acompanyar\u00e0 durant tot el curs.\u00a0<br \/>\nEls nois i noies de 5\u00e8 aquest&hellip;  <a href=\"https:\/\/agora.xtec.cat\/escolalavilapalamos\/portada\/creacio-de-les-noves-agendes-a-5e\/\" title=\"Read Creaci\u00f3 de les noves agendes a 5\u00e8\">Llegeix m\u00e9s\u00bb<\/a><\/p>\n","protected":false},"author":132,"featured_media":12244,"comment_status":"open","ping_status":"closed","sticky":false,"template":"","format":"standard","meta":{"_bbp_topic_count":0,"_bbp_reply_count":0,"_bbp_total_topic_count":0,"_bbp_total_reply_count":0,"_bbp_voice_count":0,"_bbp_anonymous_reply_count":0,"_bbp_topic_count_hidden":0,"_bbp_reply_count_hidden":0,"_bbp_forum_subforum_count":0,"footnotes":""},"categories":[128,4],"tags":[],"class_list":["post-12243","post","type-post","status-publish","format-standard","has-post-thumbnail","hentry","category-comunitat-de-grans","category-portada"],"post_mailing_queue_ids":[],"_links":{"self":[{"href":"https:\/\/agora.xtec.cat\/escolalavilapalamos\/wp-json\/wp\/v2\/posts\/12243","targetHints":{"allow":["GET"]}}],"collection":[{"href":"https:\/\/agora.xtec.cat\/escolalavilapalamos\/wp-json\/wp\/v2\/posts"}],"about":[{"href":"https:\/\/agora.xtec.cat\/escolalavilapalamos\/wp-json\/wp\/v2\/types\/post"}],"author":[{"embeddable":true,"href":"https:\/\/agora.xtec.cat\/escolalavilapalamos\/wp-json\/wp\/v2\/users\/132"}],"replies":[{"embeddable":true,"href":"https:\/\/agora.xtec.cat\/escolalavilapalamos\/wp-json\/wp\/v2\/comments?post=12243"}],"version-history":[{"count":2,"href":"https:\/\/agora.xtec.cat\/escolalavilapalamos\/wp-json\/wp\/v2\/posts\/12243\/revisions"}],"predecessor-version":[{"id":12246,"href":"https:\/\/agora.xtec.cat\/escolalavilapalamos\/wp-json\/wp\/v2\/posts\/12243\/revisions\/12246"}],"wp:featuredmedia":[{"embeddable":true,"href":"https:\/\/agora.xtec.cat\/escolalavilapalamos\/wp-json\/wp\/v2\/media\/12244"}],"wp:attachment":[{"href":"https:\/\/agora.xtec.cat\/escolalavilapalamos\/wp-json\/wp\/v2\/media?parent=12243"}],"wp:term":[{"taxonomy":"category","embeddable":true,"href":"https:\/\/agora.xtec.cat\/escolalavilapalamos\/wp-json\/wp\/v2\/categories?post=12243"},{"taxonomy":"post_tag","embeddable":true,"href":"https:\/\/agora.xtec.cat\/escolalavilapalamos\/wp-json\/wp\/v2\/tags?post=12243"}],"curies":[{"name":"wp","href":"https:\/\/api.w.org\/{rel}","templated":true}]}}