{"id":12215,"date":"2022-10-07T14:45:37","date_gmt":"2022-10-07T12:45:37","guid":{"rendered":"https:\/\/agora.xtec.cat\/escolalavilapalamos\/?p=12215"},"modified":"2022-10-07T17:33:40","modified_gmt":"2022-10-07T15:33:40","slug":"secrets-de-lescola-la-vila","status":"publish","type":"post","link":"https:\/\/agora.xtec.cat\/escolalavilapalamos\/portada\/secrets-de-lescola-la-vila\/","title":{"rendered":"Secrets de l&#8217;Escola La Vila"},"content":{"rendered":"<p>Aquest any comencem un nou curs: 1r .\u00a0 \u00a0I canviem d&#8217;edifici. <img loading=\"lazy\" decoding=\"async\" class=\"alignright wp-image-12218 \" src=\"https:\/\/agora.xtec.cat\/escolalavilapalamos\/wp-content\/uploads\/usu897\/2022\/10\/IMG_20221006_095235.jpg\" alt=\"\" width=\"459\" height=\"258\" srcset=\"https:\/\/agora.xtec.cat\/escolalavilapalamos\/wp-content\/uploads\/usu897\/2022\/10\/IMG_20221006_095235.jpg 1920w, https:\/\/agora.xtec.cat\/escolalavilapalamos\/wp-content\/uploads\/usu897\/2022\/10\/IMG_20221006_095235-300x169.jpg 300w, https:\/\/agora.xtec.cat\/escolalavilapalamos\/wp-content\/uploads\/usu897\/2022\/10\/IMG_20221006_095235-1024x576.jpg 1024w, https:\/\/agora.xtec.cat\/escolalavilapalamos\/wp-content\/uploads\/usu897\/2022\/10\/IMG_20221006_095235-768x432.jpg 768w, https:\/\/agora.xtec.cat\/escolalavilapalamos\/wp-content\/uploads\/usu897\/2022\/10\/IMG_20221006_095235-1536x864.jpg 1536w\" sizes=\"auto, (max-width: 459px) 100vw, 459px\" \/><\/p>\n<div>Per aix\u00f2 una de les primeres activitats que fem a classe \u00e9s passejar per l&#8217;escola i con\u00e8ixer els seus espais&#8230;i tamb\u00e9 algun secret.<\/div>\n<div>Aquesta escola quasi t\u00e9 90 anys. \u00c9s Patrimoni Nacional de Catalunya. \u00c9s un edifici protegit i amaga moltes hist\u00f2ries.<\/div>\n<div><\/div>\n<div>Per qu\u00e8\u00a0 la fa\u00e7ana de l&#8217;escola\u00a0 t\u00e9 tantes portes d&#8217;entrada?<\/div>\n<div><\/div>\n<div>Segur que moltes vegades heu caminat per l&#8217;immens passad\u00eds\u00a0 de davant de les classes. Us heu fixat que \u00e9s de dos colors?<\/div>\n<div><\/div>\n<div>I heu vist que\u00a0 hi ha dues portes met\u00e0l\u00b7liques en el mur que fa tota la volta al nostre pati&#8230;?<\/div>\n<div><\/div>\n<div>Nosaltres, les classes de 1r, ho estem descobrint . Ho voleu saber?<\/div>\n<div>Doncs&#8230; pregunteu als vostres fills i filles&#8230;<\/div>\n<div><\/div>\n<div>I si teniu alguna hist\u00f2ria per explicar-nos sobre l&#8217;escola, feu-nos-la arribar!!!!<\/div>\n<div><\/div>\n<div><\/div>\n<div><\/div>\n<div><a href=\"https:\/\/photos.app.goo.gl\/FkV4gBMxhRr8CYmP8\">ACC\u00c9S A L&#8217;\u00c0LBUM DE FOTOS <\/a><\/div>\n","protected":false},"excerpt":{"rendered":"<p>Aquest any comencem un nou curs: 1r .\u00a0 \u00a0I canviem d&#8217;edifici.<br \/>\nPer aix\u00f2 una de les primeres activitats que fem a classe \u00e9s passejar per l&#8217;escola i con\u00e8ixer els seus espais&#8230;i tamb\u00e9 algun secret.<br \/>\nAquesta escola quasi t\u00e9 90 anys. \u00c9s Patrimoni Nacional de Catalunya. \u00c9s&hellip;  <a href=\"https:\/\/agora.xtec.cat\/escolalavilapalamos\/portada\/secrets-de-lescola-la-vila\/\" title=\"Read Secrets de l&#8217;Escola La Vila\">Llegeix m\u00e9s\u00bb<\/a><\/p>\n","protected":false},"author":1,"featured_media":12218,"comment_status":"open","ping_status":"closed","sticky":false,"template":"","format":"standard","meta":{"_bbp_topic_count":0,"_bbp_reply_count":0,"_bbp_total_topic_count":0,"_bbp_total_reply_count":0,"_bbp_voice_count":0,"_bbp_anonymous_reply_count":0,"_bbp_topic_count_hidden":0,"_bbp_reply_count_hidden":0,"_bbp_forum_subforum_count":0,"footnotes":""},"categories":[127,4],"tags":[],"class_list":["post-12215","post","type-post","status-publish","format-standard","has-post-thumbnail","hentry","category-comunitat-de-mitjans","category-portada"],"post_mailing_queue_ids":[],"_links":{"self":[{"href":"https:\/\/agora.xtec.cat\/escolalavilapalamos\/wp-json\/wp\/v2\/posts\/12215","targetHints":{"allow":["GET"]}}],"collection":[{"href":"https:\/\/agora.xtec.cat\/escolalavilapalamos\/wp-json\/wp\/v2\/posts"}],"about":[{"href":"https:\/\/agora.xtec.cat\/escolalavilapalamos\/wp-json\/wp\/v2\/types\/post"}],"author":[{"embeddable":true,"href":"https:\/\/agora.xtec.cat\/escolalavilapalamos\/wp-json\/wp\/v2\/users\/1"}],"replies":[{"embeddable":true,"href":"https:\/\/agora.xtec.cat\/escolalavilapalamos\/wp-json\/wp\/v2\/comments?post=12215"}],"version-history":[{"count":3,"href":"https:\/\/agora.xtec.cat\/escolalavilapalamos\/wp-json\/wp\/v2\/posts\/12215\/revisions"}],"predecessor-version":[{"id":12234,"href":"https:\/\/agora.xtec.cat\/escolalavilapalamos\/wp-json\/wp\/v2\/posts\/12215\/revisions\/12234"}],"wp:featuredmedia":[{"embeddable":true,"href":"https:\/\/agora.xtec.cat\/escolalavilapalamos\/wp-json\/wp\/v2\/media\/12218"}],"wp:attachment":[{"href":"https:\/\/agora.xtec.cat\/escolalavilapalamos\/wp-json\/wp\/v2\/media?parent=12215"}],"wp:term":[{"taxonomy":"category","embeddable":true,"href":"https:\/\/agora.xtec.cat\/escolalavilapalamos\/wp-json\/wp\/v2\/categories?post=12215"},{"taxonomy":"post_tag","embeddable":true,"href":"https:\/\/agora.xtec.cat\/escolalavilapalamos\/wp-json\/wp\/v2\/tags?post=12215"}],"curies":[{"name":"wp","href":"https:\/\/api.w.org\/{rel}","templated":true}]}}