{"id":12212,"date":"2022-10-07T15:16:15","date_gmt":"2022-10-07T13:16:15","guid":{"rendered":"https:\/\/agora.xtec.cat\/escolalavilapalamos\/?p=12212"},"modified":"2022-10-13T10:21:48","modified_gmt":"2022-10-13T08:21:48","slug":"treball-globalitzat-a-4t-laigua","status":"publish","type":"post","link":"https:\/\/agora.xtec.cat\/escolalavilapalamos\/general\/treball-globalitzat-a-4t-laigua\/","title":{"rendered":"Treball globalitzat a 4t: L&#8217;aigua"},"content":{"rendered":"<p><a href=\"https:\/\/photos.app.goo.gl\/Q3T7rcE2mtuvZ3p6A\"><img loading=\"lazy\" decoding=\"async\" class=\"wp-image-12220 alignright\" src=\"https:\/\/agora.xtec.cat\/escolalavilapalamos\/wp-content\/uploads\/usu897\/2022\/10\/IMG_1321-scaled.jpg\" alt=\"\" width=\"439\" height=\"329\" srcset=\"https:\/\/agora.xtec.cat\/escolalavilapalamos\/wp-content\/uploads\/usu897\/2022\/10\/IMG_1321-scaled.jpg 2560w, https:\/\/agora.xtec.cat\/escolalavilapalamos\/wp-content\/uploads\/usu897\/2022\/10\/IMG_1321-300x225.jpg 300w, https:\/\/agora.xtec.cat\/escolalavilapalamos\/wp-content\/uploads\/usu897\/2022\/10\/IMG_1321-1024x768.jpg 1024w, https:\/\/agora.xtec.cat\/escolalavilapalamos\/wp-content\/uploads\/usu897\/2022\/10\/IMG_1321-768x576.jpg 768w, https:\/\/agora.xtec.cat\/escolalavilapalamos\/wp-content\/uploads\/usu897\/2022\/10\/IMG_1321-1536x1152.jpg 1536w, https:\/\/agora.xtec.cat\/escolalavilapalamos\/wp-content\/uploads\/usu897\/2022\/10\/IMG_1321-2048x1536.jpg 2048w, https:\/\/agora.xtec.cat\/escolalavilapalamos\/wp-content\/uploads\/usu897\/2022\/10\/IMG_1321-200x150.jpg 200w\" sizes=\"auto, (max-width: 439px) 100vw, 439px\" \/><\/a>Els alumnes de 4t hem comen\u00e7at el treball globalitzat amb el tema de l&#8217;aigua. Ho enfocarem a trav\u00e9s de l&#8217;estalvi de l&#8217;aigua i el treball dels (Objectius de Desenvolupament sostenible). Aquest projecte el treballarem de manera globalitzada i implicant altres \u00e0mbits (matem\u00e0tic, ling\u00fc\u00edstic i cient\u00edfic). Partirem d&#8217;un aprenentatge real i significativa perqu\u00e8 els alumnes siguin els protagonistes reals de las situaci\u00f3 d&#8217;ensenyament-aprenentatge.<\/p>\n<p>Farem un recorregut plegats descobrint diferents aspectes relacionats amb l&#8217;aigua (estat de l&#8217;aigua, el seu cicle, mars i rius, illes de pl\u00e0stic&#8230;) tot realitzant experiments, activitats cooperatives i afavorint la compet\u00e8ncia digital (utilitzant chromebooks). Partirem sempre del m\u00e8tode cient\u00edfic i els seus passos per fer-nos preguntes i elaborar hip\u00f2tesis.<\/p>\n<p>Per tal de dur a terme el projecte treballaran en grups barrejats de les 2 classes de 4t per tal d&#8217;afavorir a la cohesi\u00f3 del nivell i afavorir al treball cooperatiu. Amb aquest projecte aprendrem a ser cr\u00edtics i conscients del que comporta malgastar l&#8217;aigua.<\/p>\n<p>El m\u00e9s important que aprendrem \u00e9s que l\u2019aigua \u00e9s molt important per la vida de tots els \u00e9ssers vius i que no l&#8217;hem de cuidar ja que <strong>sense aigua no hi ha vida<\/strong>!<\/p>\n<p>Per veure <strong>fotos<\/strong> sobre com hem iniciat el projecte, fes clic a la foto !<\/p>\n","protected":false},"excerpt":{"rendered":"<p><a href=\"https:\/\/photos.app.goo.gl\/Q3T7rcE2mtuvZ3p6A\"><\/a>Els alumnes de 4t hem comen\u00e7at el treball globalitzat amb el tema de l&#8217;aigua. Ho enfocarem a trav\u00e9s de l&#8217;estalvi de l&#8217;aigua i el treball dels (Objectius de Desenvolupament sostenible). Aquest projecte el treballarem de manera globalitzada i implicant altres \u00e0mbits (matem\u00e0tic, ling\u00fc\u00edstic i&hellip;  <a href=\"https:\/\/agora.xtec.cat\/escolalavilapalamos\/general\/treball-globalitzat-a-4t-laigua\/\" title=\"Read Treball globalitzat a 4t: L&#8217;aigua\">Llegeix m\u00e9s\u00bb<\/a><\/p>\n","protected":false},"author":132,"featured_media":12220,"comment_status":"open","ping_status":"closed","sticky":false,"template":"","format":"standard","meta":{"_bbp_topic_count":0,"_bbp_reply_count":0,"_bbp_total_topic_count":0,"_bbp_total_reply_count":0,"_bbp_voice_count":0,"_bbp_anonymous_reply_count":0,"_bbp_topic_count_hidden":0,"_bbp_reply_count_hidden":0,"_bbp_forum_subforum_count":0,"footnotes":""},"categories":[128,1,138,4,5],"tags":[],"class_list":["post-12212","post","type-post","status-publish","format-standard","has-post-thumbnail","hentry","category-comunitat-de-grans","category-general","category-notices-a-la-web","category-portada","category-primaria"],"post_mailing_queue_ids":[],"_links":{"self":[{"href":"https:\/\/agora.xtec.cat\/escolalavilapalamos\/wp-json\/wp\/v2\/posts\/12212","targetHints":{"allow":["GET"]}}],"collection":[{"href":"https:\/\/agora.xtec.cat\/escolalavilapalamos\/wp-json\/wp\/v2\/posts"}],"about":[{"href":"https:\/\/agora.xtec.cat\/escolalavilapalamos\/wp-json\/wp\/v2\/types\/post"}],"author":[{"embeddable":true,"href":"https:\/\/agora.xtec.cat\/escolalavilapalamos\/wp-json\/wp\/v2\/users\/132"}],"replies":[{"embeddable":true,"href":"https:\/\/agora.xtec.cat\/escolalavilapalamos\/wp-json\/wp\/v2\/comments?post=12212"}],"version-history":[{"count":4,"href":"https:\/\/agora.xtec.cat\/escolalavilapalamos\/wp-json\/wp\/v2\/posts\/12212\/revisions"}],"predecessor-version":[{"id":12232,"href":"https:\/\/agora.xtec.cat\/escolalavilapalamos\/wp-json\/wp\/v2\/posts\/12212\/revisions\/12232"}],"wp:featuredmedia":[{"embeddable":true,"href":"https:\/\/agora.xtec.cat\/escolalavilapalamos\/wp-json\/wp\/v2\/media\/12220"}],"wp:attachment":[{"href":"https:\/\/agora.xtec.cat\/escolalavilapalamos\/wp-json\/wp\/v2\/media?parent=12212"}],"wp:term":[{"taxonomy":"category","embeddable":true,"href":"https:\/\/agora.xtec.cat\/escolalavilapalamos\/wp-json\/wp\/v2\/categories?post=12212"},{"taxonomy":"post_tag","embeddable":true,"href":"https:\/\/agora.xtec.cat\/escolalavilapalamos\/wp-json\/wp\/v2\/tags?post=12212"}],"curies":[{"name":"wp","href":"https:\/\/api.w.org\/{rel}","templated":true}]}}