{"id":12186,"date":"2022-10-07T10:12:47","date_gmt":"2022-10-07T08:12:47","guid":{"rendered":"https:\/\/agora.xtec.cat\/escolalavilapalamos\/?p=12186"},"modified":"2022-10-07T14:49:10","modified_gmt":"2022-10-07T12:49:10","slug":"primers-dies-a-p3-2","status":"publish","type":"post","link":"https:\/\/agora.xtec.cat\/escolalavilapalamos\/general\/primers-dies-a-p3-2\/","title":{"rendered":"Primers dies a P3"},"content":{"rendered":"<p><img loading=\"lazy\" decoding=\"async\" class=\"wp-image-12204 alignright\" src=\"https:\/\/agora.xtec.cat\/escolalavilapalamos\/wp-content\/uploads\/usu897\/2022\/10\/20220928_091953-640x480-1.jpg\" alt=\"\" width=\"251\" height=\"335\" srcset=\"https:\/\/agora.xtec.cat\/escolalavilapalamos\/wp-content\/uploads\/usu897\/2022\/10\/20220928_091953-640x480-1.jpg 360w, https:\/\/agora.xtec.cat\/escolalavilapalamos\/wp-content\/uploads\/usu897\/2022\/10\/20220928_091953-640x480-1-225x300.jpg 225w\" sizes=\"auto, (max-width: 251px) 100vw, 251px\" \/>El temps i l&#8217;espai que dediquem a l&#8217;acollida dels infants de I3 a l&#8217;escola \u00e9s important perqu\u00e8 ens permet establir un marc de confian\u00e7a m\u00fatua fam\u00edlia-escola que fa possible din\u00e0miques i relacions positives.<\/p>\n<p><span style=\"font-family: inherit; font-size: 1em;\">Poc a poc els infants s&#8217;<\/span><span style=\"font-family: inherit; font-size: 1em;\">incorporen al grup amb l&#8217;acompanyament de la fam\u00edlia i de les mestres. Fan noves coneixences, s&#8217;adapten als nous espais i a noves din\u00e0miques a trav\u00e9s del joc. Sempre des del respecte al ritme de cadasc\u00fa.<\/span><\/p>\n<p>Aqu\u00ed us deixem un recull d&#8217;<a href=\"https:\/\/photos.app.goo.gl\/zRqjRFujEy6kp1xw7\">imatges<\/a> d&#8217;aquests primers dies.<\/p>\n<p>Mestres de P3<\/p>\n","protected":false},"excerpt":{"rendered":"<p>El temps i l&#8217;espai que dediquem a l&#8217;acollida dels infants de I3 a l&#8217;escola \u00e9s important perqu\u00e8 ens permet establir un marc de confian\u00e7a m\u00fatua fam\u00edlia-escola que fa possible din\u00e0miques i relacions positives.<br \/>\nPoc a poc els infants s&#8217;incorporen al grup amb l&#8217;acompanyament de la fam\u00edlia&hellip;  <a href=\"https:\/\/agora.xtec.cat\/escolalavilapalamos\/general\/primers-dies-a-p3-2\/\" title=\"Read Primers dies a P3\">Llegeix m\u00e9s\u00bb<\/a><\/p>\n","protected":false},"author":128,"featured_media":12204,"comment_status":"open","ping_status":"closed","sticky":false,"template":"","format":"standard","meta":{"_bbp_topic_count":0,"_bbp_reply_count":0,"_bbp_total_topic_count":0,"_bbp_total_reply_count":0,"_bbp_voice_count":0,"_bbp_anonymous_reply_count":0,"_bbp_topic_count_hidden":0,"_bbp_reply_count_hidden":0,"_bbp_forum_subforum_count":0,"footnotes":""},"categories":[2,1,4],"tags":[],"class_list":["post-12186","post","type-post","status-publish","format-standard","has-post-thumbnail","hentry","category-infantil","category-general","category-portada"],"post_mailing_queue_ids":[],"_links":{"self":[{"href":"https:\/\/agora.xtec.cat\/escolalavilapalamos\/wp-json\/wp\/v2\/posts\/12186","targetHints":{"allow":["GET"]}}],"collection":[{"href":"https:\/\/agora.xtec.cat\/escolalavilapalamos\/wp-json\/wp\/v2\/posts"}],"about":[{"href":"https:\/\/agora.xtec.cat\/escolalavilapalamos\/wp-json\/wp\/v2\/types\/post"}],"author":[{"embeddable":true,"href":"https:\/\/agora.xtec.cat\/escolalavilapalamos\/wp-json\/wp\/v2\/users\/128"}],"replies":[{"embeddable":true,"href":"https:\/\/agora.xtec.cat\/escolalavilapalamos\/wp-json\/wp\/v2\/comments?post=12186"}],"version-history":[{"count":3,"href":"https:\/\/agora.xtec.cat\/escolalavilapalamos\/wp-json\/wp\/v2\/posts\/12186\/revisions"}],"predecessor-version":[{"id":12211,"href":"https:\/\/agora.xtec.cat\/escolalavilapalamos\/wp-json\/wp\/v2\/posts\/12186\/revisions\/12211"}],"wp:featuredmedia":[{"embeddable":true,"href":"https:\/\/agora.xtec.cat\/escolalavilapalamos\/wp-json\/wp\/v2\/media\/12204"}],"wp:attachment":[{"href":"https:\/\/agora.xtec.cat\/escolalavilapalamos\/wp-json\/wp\/v2\/media?parent=12186"}],"wp:term":[{"taxonomy":"category","embeddable":true,"href":"https:\/\/agora.xtec.cat\/escolalavilapalamos\/wp-json\/wp\/v2\/categories?post=12186"},{"taxonomy":"post_tag","embeddable":true,"href":"https:\/\/agora.xtec.cat\/escolalavilapalamos\/wp-json\/wp\/v2\/tags?post=12186"}],"curies":[{"name":"wp","href":"https:\/\/api.w.org\/{rel}","templated":true}]}}