{"id":1215,"date":"2019-06-03T08:00:34","date_gmt":"2019-06-03T06:00:34","guid":{"rendered":"http:\/\/agora.xtec.cat\/escolalavilapalamos\/?p=1215"},"modified":"2019-06-03T16:19:30","modified_gmt":"2019-06-03T14:19:30","slug":"enquesta-sobre-la-jornada-escolar","status":"publish","type":"post","link":"https:\/\/agora.xtec.cat\/escolalavilapalamos\/general\/enquesta-sobre-la-jornada-escolar\/","title":{"rendered":"Enquesta sobre la Jornada escolar"},"content":{"rendered":"<p><img loading=\"lazy\" decoding=\"async\" class=\"alignnone alignright\" src=\"https:\/\/lh4.ggpht.com\/0WJxNvQcoiVxpL1t9ffjUoGELeB6Nr2B-U9J0I8IuHJ3Vp-xrwDY9T4RDAVu6sI1Q4xE=w300\" width=\"300\" height=\"300\" \/><strong>Enquesta per pares i mares d&#8217;alumnes de P3 i alumnes nous a l&#8217;escola.<\/strong><\/p>\n<p>Des de fa alguns cursos es passa un sondeig a les fam\u00edlies de l&#8217;escola per con\u00e8ixer la seva opini\u00f3 sobre l&#8217; <strong>horari escolar<\/strong>. Estem recollir l&#8217;opini\u00f3 de tothom. Amb l&#8217;objectiu de con\u00e8ixer l&#8217;opini\u00f3 sobre la jornada escolar dels pares i mares nous en el centre us passem aquesta enquesta.<\/p>\n<p>Les escoles catalanes es troben en ple debat sobre <strong>la jornada escolar<\/strong>. S&#8217;ha d\u2019anar a l&#8217;escola mat\u00ed i tarda, com fins ara, fent jornada partida? o b\u00e9, s&#8217;ha d\u2019anar a l&#8217;escola nom\u00e9s pels matins fent jornada continuada ?<\/p>\n<p>Aquest \u00e9s un debat social d\u2019actualitat. No nom\u00e9s afecta l\u2019\u00e0mbit educatiu sin\u00f3 tamb\u00e9 altres espais de la societat: l\u2019horari laboral, la conciliaci\u00f3 de la vida laboral i familiar, etc.<\/p>\n<p>Amb la necessitat de con\u00e8ixer l\u2019opini\u00f3 de les totes les fam\u00edlies sobre la jornada escolar us passem aquesta <strong>enquesta de participaci\u00f3<\/strong>.<\/p>\n<p><strong>El curs 2019-20 no es far\u00e0 jornada continuada<\/strong>. L&#8217; horari ser\u00e0 l&#8217;actual de jornada partida, de matins i tardes. El Departament d&#8217;Ensenyament no permet modificar jornades pel proper curs.<\/p>\n<p><strong>L\u2019enquesta s&#8217;ha de respondre per fam\u00edlia. <\/strong>Us podeu descarregar l&#8217;enquesta <a href=\"https:\/\/drive.google.com\/file\/d\/1Lhfyn-bRRv4iyagDhxNBkZU80SBVgJIF\/view?usp=sharing\">aqu\u00ed<\/a><strong><br \/>\n<\/strong><\/p>\n<p>El per\u00edode per respondre l\u2019enquesta \u00e9s <strong>fins el divendres 14 de juny de 2019<\/strong>.<\/p>\n<p>A fi de tenir una mostra significativa, us demanem que la responeu totes les fam\u00edlies.<\/p>\n","protected":false},"excerpt":{"rendered":"<p>Enquesta per pares i mares d&#8217;alumnes de P3 i alumnes nous a l&#8217;escola.<br \/>\nDes de fa alguns cursos es passa un sondeig a les fam\u00edlies de l&#8217;escola per con\u00e8ixer la seva opini\u00f3 sobre l&#8217; horari escolar. Estem recollir l&#8217;opini\u00f3 de tothom. Amb l&#8217;objectiu de con\u00e8ixer l&#8217;opini\u00f3&hellip;  <a href=\"https:\/\/agora.xtec.cat\/escolalavilapalamos\/general\/enquesta-sobre-la-jornada-escolar\/\" title=\"Read Enquesta sobre la Jornada escolar\">Llegeix m\u00e9s\u00bb<\/a><\/p>\n","protected":false},"author":1,"featured_media":1216,"comment_status":"open","ping_status":"closed","sticky":false,"template":"","format":"standard","meta":{"_bbp_topic_count":0,"_bbp_reply_count":0,"_bbp_total_topic_count":0,"_bbp_total_reply_count":0,"_bbp_voice_count":0,"_bbp_anonymous_reply_count":0,"_bbp_topic_count_hidden":0,"_bbp_reply_count_hidden":0,"_bbp_forum_subforum_count":0,"footnotes":""},"categories":[2,1,4,5],"tags":[108],"class_list":["post-1215","post","type-post","status-publish","format-standard","has-post-thumbnail","hentry","category-infantil","category-general","category-portada","category-primaria","tag-infantil"],"post_mailing_queue_ids":[],"_links":{"self":[{"href":"https:\/\/agora.xtec.cat\/escolalavilapalamos\/wp-json\/wp\/v2\/posts\/1215","targetHints":{"allow":["GET"]}}],"collection":[{"href":"https:\/\/agora.xtec.cat\/escolalavilapalamos\/wp-json\/wp\/v2\/posts"}],"about":[{"href":"https:\/\/agora.xtec.cat\/escolalavilapalamos\/wp-json\/wp\/v2\/types\/post"}],"author":[{"embeddable":true,"href":"https:\/\/agora.xtec.cat\/escolalavilapalamos\/wp-json\/wp\/v2\/users\/1"}],"replies":[{"embeddable":true,"href":"https:\/\/agora.xtec.cat\/escolalavilapalamos\/wp-json\/wp\/v2\/comments?post=1215"}],"version-history":[{"count":3,"href":"https:\/\/agora.xtec.cat\/escolalavilapalamos\/wp-json\/wp\/v2\/posts\/1215\/revisions"}],"predecessor-version":[{"id":6024,"href":"https:\/\/agora.xtec.cat\/escolalavilapalamos\/wp-json\/wp\/v2\/posts\/1215\/revisions\/6024"}],"wp:featuredmedia":[{"embeddable":true,"href":"https:\/\/agora.xtec.cat\/escolalavilapalamos\/wp-json\/wp\/v2\/media\/1216"}],"wp:attachment":[{"href":"https:\/\/agora.xtec.cat\/escolalavilapalamos\/wp-json\/wp\/v2\/media?parent=1215"}],"wp:term":[{"taxonomy":"category","embeddable":true,"href":"https:\/\/agora.xtec.cat\/escolalavilapalamos\/wp-json\/wp\/v2\/categories?post=1215"},{"taxonomy":"post_tag","embeddable":true,"href":"https:\/\/agora.xtec.cat\/escolalavilapalamos\/wp-json\/wp\/v2\/tags?post=1215"}],"curies":[{"name":"wp","href":"https:\/\/api.w.org\/{rel}","templated":true}]}}