{"id":12149,"date":"2022-09-29T09:12:34","date_gmt":"2022-09-29T07:12:34","guid":{"rendered":"https:\/\/agora.xtec.cat\/escolalavilapalamos\/?p=12149"},"modified":"2022-09-29T09:13:01","modified_gmt":"2022-09-29T07:13:01","slug":"reunio-del-menjador-escolar-4","status":"publish","type":"post","link":"https:\/\/agora.xtec.cat\/escolalavilapalamos\/general\/reunio-del-menjador-escolar-4\/","title":{"rendered":"Reuni\u00f3 del menjador escolar"},"content":{"rendered":"<p><img loading=\"lazy\" decoding=\"async\" class=\"alignright wp-image-9986 \" src=\"https:\/\/agora.xtec.cat\/escolalavilapalamos\/wp-content\/uploads\/usu897\/2021\/10\/infants-al-menjador.jpg\" alt=\"\" width=\"328\" height=\"285\" srcset=\"https:\/\/agora.xtec.cat\/escolalavilapalamos\/wp-content\/uploads\/usu897\/2021\/10\/infants-al-menjador.jpg 400w, https:\/\/agora.xtec.cat\/escolalavilapalamos\/wp-content\/uploads\/usu897\/2021\/10\/infants-al-menjador-300x261.jpg 300w\" sizes=\"auto, (max-width: 328px) 100vw, 328px\" \/><strong>Dilluns 3 d&#8217;octubre a les 16:15<\/strong> h tindr\u00e0 lloc la reuni\u00f3 informativa sobre el <strong>menjador escolar <\/strong>.<\/p>\n<p>La reuni\u00f3 ser\u00e0 presencial al pavell\u00f3 de l&#8217;escola i comptarem amb la pres\u00e8ncia d&#8217;Anna Bosch, Laia Basiera, Iban Castells i Pilar Ortega (Coordinadora del menjador) responsables de l&#8217;empresa BoiSa.<\/p>\n<p>El curs 22-23 el <strong>Servei de Menjador continua gestionat per l&#8217;empresa BoiSa<\/strong> dins el contracte de gesti\u00f3 signat amb el Consell Comarcal del Baix Empord\u00e0.<\/p>\n<p>En aquesta trobada l&#8217;empresa explicar\u00e0 el Projecte educatiu del servei i atendr\u00e0 a tots els dubtes de les fam\u00edlies usu\u00e0ries del Menjador Escolar.\u00a0M\u00e9s informaci\u00f3 a la web de <a href=\"https:\/\/www.boisa.cat\/ca\/\">BoiSa<\/a><\/p>\n<p><em>Podeu veure la presentaci\u00f3 de la reuni\u00f3 aqu\u00ed (en breu)<\/em><\/p>\n","protected":false},"excerpt":{"rendered":"<p>Dilluns 3 d&#8217;octubre a les 16:15 h tindr\u00e0 lloc la reuni\u00f3 informativa sobre el menjador escolar .<br \/>\nLa reuni\u00f3 ser\u00e0 presencial al pavell\u00f3 de l&#8217;escola i comptarem amb la pres\u00e8ncia d&#8217;Anna Bosch, Laia Basiera, Iban Castells i Pilar Ortega (Coordinadora del menjador) responsables de l&#8217;empresa BoiSa.<br \/>\nEl&hellip;  <a href=\"https:\/\/agora.xtec.cat\/escolalavilapalamos\/general\/reunio-del-menjador-escolar-4\/\" title=\"Read Reuni\u00f3 del menjador escolar\">Llegeix m\u00e9s\u00bb<\/a><\/p>\n","protected":false},"author":1,"featured_media":9986,"comment_status":"open","ping_status":"closed","sticky":false,"template":"","format":"standard","meta":{"_bbp_topic_count":0,"_bbp_reply_count":0,"_bbp_total_topic_count":0,"_bbp_total_reply_count":0,"_bbp_voice_count":0,"_bbp_anonymous_reply_count":0,"_bbp_topic_count_hidden":0,"_bbp_reply_count_hidden":0,"_bbp_forum_subforum_count":0,"footnotes":""},"categories":[1,4],"tags":[],"class_list":["post-12149","post","type-post","status-publish","format-standard","has-post-thumbnail","hentry","category-general","category-portada"],"post_mailing_queue_ids":[],"_links":{"self":[{"href":"https:\/\/agora.xtec.cat\/escolalavilapalamos\/wp-json\/wp\/v2\/posts\/12149","targetHints":{"allow":["GET"]}}],"collection":[{"href":"https:\/\/agora.xtec.cat\/escolalavilapalamos\/wp-json\/wp\/v2\/posts"}],"about":[{"href":"https:\/\/agora.xtec.cat\/escolalavilapalamos\/wp-json\/wp\/v2\/types\/post"}],"author":[{"embeddable":true,"href":"https:\/\/agora.xtec.cat\/escolalavilapalamos\/wp-json\/wp\/v2\/users\/1"}],"replies":[{"embeddable":true,"href":"https:\/\/agora.xtec.cat\/escolalavilapalamos\/wp-json\/wp\/v2\/comments?post=12149"}],"version-history":[{"count":2,"href":"https:\/\/agora.xtec.cat\/escolalavilapalamos\/wp-json\/wp\/v2\/posts\/12149\/revisions"}],"predecessor-version":[{"id":12151,"href":"https:\/\/agora.xtec.cat\/escolalavilapalamos\/wp-json\/wp\/v2\/posts\/12149\/revisions\/12151"}],"wp:featuredmedia":[{"embeddable":true,"href":"https:\/\/agora.xtec.cat\/escolalavilapalamos\/wp-json\/wp\/v2\/media\/9986"}],"wp:attachment":[{"href":"https:\/\/agora.xtec.cat\/escolalavilapalamos\/wp-json\/wp\/v2\/media?parent=12149"}],"wp:term":[{"taxonomy":"category","embeddable":true,"href":"https:\/\/agora.xtec.cat\/escolalavilapalamos\/wp-json\/wp\/v2\/categories?post=12149"},{"taxonomy":"post_tag","embeddable":true,"href":"https:\/\/agora.xtec.cat\/escolalavilapalamos\/wp-json\/wp\/v2\/tags?post=12149"}],"curies":[{"name":"wp","href":"https:\/\/api.w.org\/{rel}","templated":true}]}}