{"id":12134,"date":"2022-09-26T12:49:39","date_gmt":"2022-09-26T10:49:39","guid":{"rendered":"https:\/\/agora.xtec.cat\/escolalavilapalamos\/?p=12134"},"modified":"2022-09-26T12:49:39","modified_gmt":"2022-09-26T10:49:39","slug":"fic-estrategia-digital-de-centre","status":"publish","type":"post","link":"https:\/\/agora.xtec.cat\/escolalavilapalamos\/general\/fic-estrategia-digital-de-centre\/","title":{"rendered":"FIC Estrat\u00e8gia digital de Centre"},"content":{"rendered":"<p>El dia 21 de setembre vam comen\u00e7ar la FIC (Formaci\u00f3 Interna de Centre) sobre l&#8217;Estrat\u00e8gia Digital de Centre. L&#8217;EDC \u00e9s el recull de les l\u00ednies d&#8217;actuaci\u00f3 d&#8217;un centre que fan possible que docents, alumnat i centre assoleixin la compet\u00e8ncia digital. La Montse Mart\u00ed, la Laura Jim\u00e9nez i en Carlos Garcia, docents de l&#8217;escola, s\u00f3n els encarregats de fer de formadors per la resta del claustre. Rebem l&#8217;assessorament de la mentora digital del centre, la Merc\u00e8 Vil\u00e0.<\/p>\n<p>Esperem, amb aquesta formaci\u00f3, aprendre molt, poder compartir coneixements i desenvolupar la compet\u00e8ncia digital.<\/p>\n<p><a href=\"https:\/\/agora.xtec.cat\/escolalavilapalamos\/wp-content\/uploads\/usu897\/2022\/09\/edc.jpg\"><img loading=\"lazy\" decoding=\"async\" class=\"wp-image-12137 alignnone\" src=\"https:\/\/agora.xtec.cat\/escolalavilapalamos\/wp-content\/uploads\/usu897\/2022\/09\/edc-1024x684.jpg\" alt=\"\" width=\"359\" height=\"240\" srcset=\"https:\/\/agora.xtec.cat\/escolalavilapalamos\/wp-content\/uploads\/usu897\/2022\/09\/edc-1024x684.jpg 1024w, https:\/\/agora.xtec.cat\/escolalavilapalamos\/wp-content\/uploads\/usu897\/2022\/09\/edc-300x200.jpg 300w, https:\/\/agora.xtec.cat\/escolalavilapalamos\/wp-content\/uploads\/usu897\/2022\/09\/edc-768x513.jpg 768w, https:\/\/agora.xtec.cat\/escolalavilapalamos\/wp-content\/uploads\/usu897\/2022\/09\/edc.jpg 1082w\" sizes=\"auto, (max-width: 359px) 100vw, 359px\" \/><\/a><\/p>\n<p><a href=\"https:\/\/agora.xtec.cat\/escolalavilapalamos\/wp-content\/uploads\/usu897\/2022\/09\/d4db2c19-7aaf-4644-89f3-d9aa2341df15.jpg\"><img loading=\"lazy\" decoding=\"async\" class=\"wp-image-12136 alignnone\" src=\"https:\/\/agora.xtec.cat\/escolalavilapalamos\/wp-content\/uploads\/usu897\/2022\/09\/d4db2c19-7aaf-4644-89f3-d9aa2341df15-1024x576.jpg\" alt=\"\" width=\"364\" height=\"205\" srcset=\"https:\/\/agora.xtec.cat\/escolalavilapalamos\/wp-content\/uploads\/usu897\/2022\/09\/d4db2c19-7aaf-4644-89f3-d9aa2341df15-1024x576.jpg 1024w, https:\/\/agora.xtec.cat\/escolalavilapalamos\/wp-content\/uploads\/usu897\/2022\/09\/d4db2c19-7aaf-4644-89f3-d9aa2341df15-300x169.jpg 300w, https:\/\/agora.xtec.cat\/escolalavilapalamos\/wp-content\/uploads\/usu897\/2022\/09\/d4db2c19-7aaf-4644-89f3-d9aa2341df15-768x432.jpg 768w, https:\/\/agora.xtec.cat\/escolalavilapalamos\/wp-content\/uploads\/usu897\/2022\/09\/d4db2c19-7aaf-4644-89f3-d9aa2341df15-1536x864.jpg 1536w, https:\/\/agora.xtec.cat\/escolalavilapalamos\/wp-content\/uploads\/usu897\/2022\/09\/d4db2c19-7aaf-4644-89f3-d9aa2341df15.jpg 1599w\" sizes=\"auto, (max-width: 364px) 100vw, 364px\" \/><\/a><\/p>\n<p><a href=\"https:\/\/agora.xtec.cat\/escolalavilapalamos\/wp-content\/uploads\/usu897\/2022\/09\/9251e970-b858-4e49-bd39-26d77c3b977c.jpg\"><img loading=\"lazy\" decoding=\"async\" class=\"wp-image-12135 alignnone\" src=\"https:\/\/agora.xtec.cat\/escolalavilapalamos\/wp-content\/uploads\/usu897\/2022\/09\/9251e970-b858-4e49-bd39-26d77c3b977c-1024x498.jpg\" alt=\"\" width=\"366\" height=\"178\" srcset=\"https:\/\/agora.xtec.cat\/escolalavilapalamos\/wp-content\/uploads\/usu897\/2022\/09\/9251e970-b858-4e49-bd39-26d77c3b977c-1024x498.jpg 1024w, https:\/\/agora.xtec.cat\/escolalavilapalamos\/wp-content\/uploads\/usu897\/2022\/09\/9251e970-b858-4e49-bd39-26d77c3b977c-300x146.jpg 300w, https:\/\/agora.xtec.cat\/escolalavilapalamos\/wp-content\/uploads\/usu897\/2022\/09\/9251e970-b858-4e49-bd39-26d77c3b977c-768x373.jpg 768w, https:\/\/agora.xtec.cat\/escolalavilapalamos\/wp-content\/uploads\/usu897\/2022\/09\/9251e970-b858-4e49-bd39-26d77c3b977c-1536x747.jpg 1536w, https:\/\/agora.xtec.cat\/escolalavilapalamos\/wp-content\/uploads\/usu897\/2022\/09\/9251e970-b858-4e49-bd39-26d77c3b977c.jpg 2016w\" sizes=\"auto, (max-width: 366px) 100vw, 366px\" \/><\/a><\/p>\n","protected":false},"excerpt":{"rendered":"<p>El dia 21 de setembre vam comen\u00e7ar la FIC (Formaci\u00f3 Interna de Centre) sobre l&#8217;Estrat\u00e8gia Digital de Centre. L&#8217;EDC \u00e9s el recull de les l\u00ednies d&#8217;actuaci\u00f3 d&#8217;un centre que fan possible que docents, alumnat i centre assoleixin la compet\u00e8ncia digital. La Montse Mart\u00ed, la Laura&hellip;  <a href=\"https:\/\/agora.xtec.cat\/escolalavilapalamos\/general\/fic-estrategia-digital-de-centre\/\" title=\"Read FIC Estrat\u00e8gia digital de Centre\">Llegeix m\u00e9s\u00bb<\/a><\/p>\n","protected":false},"author":132,"featured_media":12136,"comment_status":"closed","ping_status":"closed","sticky":false,"template":"","format":"standard","meta":{"_bbp_topic_count":0,"_bbp_reply_count":0,"_bbp_total_topic_count":0,"_bbp_total_reply_count":0,"_bbp_voice_count":0,"_bbp_anonymous_reply_count":0,"_bbp_topic_count_hidden":0,"_bbp_reply_count_hidden":0,"_bbp_forum_subforum_count":0,"footnotes":""},"categories":[7,1,138,4,5],"tags":[],"class_list":["post-12134","post","type-post","status-publish","format-standard","has-post-thumbnail","hentry","category-ampa","category-general","category-notices-a-la-web","category-portada","category-primaria"],"post_mailing_queue_ids":[],"_links":{"self":[{"href":"https:\/\/agora.xtec.cat\/escolalavilapalamos\/wp-json\/wp\/v2\/posts\/12134","targetHints":{"allow":["GET"]}}],"collection":[{"href":"https:\/\/agora.xtec.cat\/escolalavilapalamos\/wp-json\/wp\/v2\/posts"}],"about":[{"href":"https:\/\/agora.xtec.cat\/escolalavilapalamos\/wp-json\/wp\/v2\/types\/post"}],"author":[{"embeddable":true,"href":"https:\/\/agora.xtec.cat\/escolalavilapalamos\/wp-json\/wp\/v2\/users\/132"}],"replies":[{"embeddable":true,"href":"https:\/\/agora.xtec.cat\/escolalavilapalamos\/wp-json\/wp\/v2\/comments?post=12134"}],"version-history":[{"count":3,"href":"https:\/\/agora.xtec.cat\/escolalavilapalamos\/wp-json\/wp\/v2\/posts\/12134\/revisions"}],"predecessor-version":[{"id":12142,"href":"https:\/\/agora.xtec.cat\/escolalavilapalamos\/wp-json\/wp\/v2\/posts\/12134\/revisions\/12142"}],"wp:featuredmedia":[{"embeddable":true,"href":"https:\/\/agora.xtec.cat\/escolalavilapalamos\/wp-json\/wp\/v2\/media\/12136"}],"wp:attachment":[{"href":"https:\/\/agora.xtec.cat\/escolalavilapalamos\/wp-json\/wp\/v2\/media?parent=12134"}],"wp:term":[{"taxonomy":"category","embeddable":true,"href":"https:\/\/agora.xtec.cat\/escolalavilapalamos\/wp-json\/wp\/v2\/categories?post=12134"},{"taxonomy":"post_tag","embeddable":true,"href":"https:\/\/agora.xtec.cat\/escolalavilapalamos\/wp-json\/wp\/v2\/tags?post=12134"}],"curies":[{"name":"wp","href":"https:\/\/api.w.org\/{rel}","templated":true}]}}