{"id":12096,"date":"2022-09-19T13:42:19","date_gmt":"2022-09-19T11:42:19","guid":{"rendered":"https:\/\/agora.xtec.cat\/escolalavilapalamos\/?p=12096"},"modified":"2022-09-26T12:48:39","modified_gmt":"2022-09-26T10:48:39","slug":"participem-en-el-programa-physical-education-health-and-children","status":"publish","type":"post","link":"https:\/\/agora.xtec.cat\/escolalavilapalamos\/general\/participem-en-el-programa-physical-education-health-and-children\/","title":{"rendered":"Participem en el programa Physical Education, Health and Children"},"content":{"rendered":"<p><img loading=\"lazy\" decoding=\"async\" class=\"wp-image-12098 alignright\" src=\"https:\/\/agora.xtec.cat\/escolalavilapalamos\/wp-content\/uploads\/usu897\/2022\/09\/PEandHealth.jpg\" alt=\"\" width=\"427\" height=\"278\" srcset=\"https:\/\/agora.xtec.cat\/escolalavilapalamos\/wp-content\/uploads\/usu897\/2022\/09\/PEandHealth.jpg 800w, https:\/\/agora.xtec.cat\/escolalavilapalamos\/wp-content\/uploads\/usu897\/2022\/09\/PEandHealth-300x195.jpg 300w, https:\/\/agora.xtec.cat\/escolalavilapalamos\/wp-content\/uploads\/usu897\/2022\/09\/PEandHealth-768x499.jpg 768w\" sizes=\"auto, (max-width: 427px) 100vw, 427px\" \/>Des de l&#8217; \u00c0rea d&#8217;Esports de l&#8217; Ajuntament, aquest curs totes les escoles de Palam\u00f3s participem en <strong>el Projecte PEHC &#8211; <em>Physical Education, Health and Children<\/em><\/strong>.<\/p>\n<p>El projecte consisteix en l&#8217;estudi sobre les conseq\u00fc\u00e8ncies d\u2019un treball neuromuscular integrat sobre la compet\u00e8ncia motriu, l\u2019adher\u00e8ncia a les recomanacions d\u2019activitat f\u00edsica i la predisposici\u00f3 a l\u2019obesitat, en nens i nenes de 8 anys. El projecte suposa el seguiment dels alumnes de 2n al llarg de tot el curs 22-23.<\/p>\n<p>Es concreten tres objectius espec\u00edfics:<\/p>\n<ul style=\"list-style-type: square;\">\n<li>Establir un diagn\u00f2stic de la compet\u00e8ncia motriu, els h\u00e0bits de vida saludables (activitat<br \/>\nf\u00edsica, h\u00e0bits de son i alimentaci\u00f3) i els par\u00e0metres d&#8217;obesitat en nens de 8 anys.<\/li>\n<li>Determinar els efectes sobre el canvi a la compet\u00e8ncia motriu, els h\u00e0bits de vida saludable i la predisposici\u00f3 a l&#8217;obesitat, posterior a la implementaci\u00f3 d&#8217;una metodologia de Treball neuromuscular Integrat.<\/li>\n<li>Estudiar l&#8217;efecte de la empremta gen\u00e8tica del teixit muscular sobre l&#8217;efectivitat del treball neuromuscular integrat i la conseq\u00fcent producci\u00f3 de mioquines per part de la<br \/>\nmusculatura esquel\u00e8tica.<\/li>\n<\/ul>\n<p>El projecte el porta a terme\u00a0 EUSES &#8211; L&#8217;Escola Universit\u00e0ria de la Salut i l&#8217;Esport (Salt &#8211; Girona). Les fam\u00edlies dels infants implicats en l\u2019estudi han estat informades del projecte amb una reuni\u00f3 informativa presencial i la documentaci\u00f3 pertinent per escrit. Cada fam\u00edlia, disposa d\u2019una setmana per acceptar, o denegar, lliurament la participaci\u00f3 dels seus fills en el projecte.<\/p>\n<p>M\u00e9s informaci\u00f3 sobre el <a href=\"https:\/\/drive.google.com\/file\/d\/1-KtTPgHaoTjXf4gq9AVYDEmKCrDBHor2\/view?usp=sharing\">projecte PEHC &#8211; <em>Physical Education, Health and Children<\/em>.<\/a><\/p>\n","protected":false},"excerpt":{"rendered":"<p>Des de l&#8217; \u00c0rea d&#8217;Esports de l&#8217; Ajuntament, aquest curs totes les escoles de Palam\u00f3s participem en el Projecte PEHC &#8211; Physical Education, Health and Children.<br \/>\nEl projecte consisteix en l&#8217;estudi sobre les conseq\u00fc\u00e8ncies d\u2019un treball neuromuscular integrat sobre la compet\u00e8ncia motriu, l\u2019adher\u00e8ncia a les recomanacions&hellip;  <a href=\"https:\/\/agora.xtec.cat\/escolalavilapalamos\/general\/participem-en-el-programa-physical-education-health-and-children\/\" title=\"Read Participem en el programa Physical Education, Health and Children\">Llegeix m\u00e9s\u00bb<\/a><\/p>\n","protected":false},"author":1,"featured_media":12098,"comment_status":"open","ping_status":"closed","sticky":false,"template":"","format":"standard","meta":{"_bbp_topic_count":0,"_bbp_reply_count":0,"_bbp_total_topic_count":0,"_bbp_total_reply_count":0,"_bbp_voice_count":0,"_bbp_anonymous_reply_count":0,"_bbp_topic_count_hidden":0,"_bbp_reply_count_hidden":0,"_bbp_forum_subforum_count":0,"footnotes":""},"categories":[127,70,1,4],"tags":[],"class_list":["post-12096","post","type-post","status-publish","format-standard","has-post-thumbnail","hentry","category-comunitat-de-mitjans","category-efi","category-general","category-portada"],"post_mailing_queue_ids":[],"_links":{"self":[{"href":"https:\/\/agora.xtec.cat\/escolalavilapalamos\/wp-json\/wp\/v2\/posts\/12096","targetHints":{"allow":["GET"]}}],"collection":[{"href":"https:\/\/agora.xtec.cat\/escolalavilapalamos\/wp-json\/wp\/v2\/posts"}],"about":[{"href":"https:\/\/agora.xtec.cat\/escolalavilapalamos\/wp-json\/wp\/v2\/types\/post"}],"author":[{"embeddable":true,"href":"https:\/\/agora.xtec.cat\/escolalavilapalamos\/wp-json\/wp\/v2\/users\/1"}],"replies":[{"embeddable":true,"href":"https:\/\/agora.xtec.cat\/escolalavilapalamos\/wp-json\/wp\/v2\/comments?post=12096"}],"version-history":[{"count":3,"href":"https:\/\/agora.xtec.cat\/escolalavilapalamos\/wp-json\/wp\/v2\/posts\/12096\/revisions"}],"predecessor-version":[{"id":12100,"href":"https:\/\/agora.xtec.cat\/escolalavilapalamos\/wp-json\/wp\/v2\/posts\/12096\/revisions\/12100"}],"wp:featuredmedia":[{"embeddable":true,"href":"https:\/\/agora.xtec.cat\/escolalavilapalamos\/wp-json\/wp\/v2\/media\/12098"}],"wp:attachment":[{"href":"https:\/\/agora.xtec.cat\/escolalavilapalamos\/wp-json\/wp\/v2\/media?parent=12096"}],"wp:term":[{"taxonomy":"category","embeddable":true,"href":"https:\/\/agora.xtec.cat\/escolalavilapalamos\/wp-json\/wp\/v2\/categories?post=12096"},{"taxonomy":"post_tag","embeddable":true,"href":"https:\/\/agora.xtec.cat\/escolalavilapalamos\/wp-json\/wp\/v2\/tags?post=12096"}],"curies":[{"name":"wp","href":"https:\/\/api.w.org\/{rel}","templated":true}]}}