{"id":12091,"date":"2022-09-02T11:50:28","date_gmt":"2022-09-02T09:50:28","guid":{"rendered":"https:\/\/agora.xtec.cat\/escolalavilapalamos\/?p=12091"},"modified":"2022-09-19T12:05:39","modified_gmt":"2022-09-19T10:05:39","slug":"reunio-de-la-comunitat-de-petits","status":"publish","type":"post","link":"https:\/\/agora.xtec.cat\/escolalavilapalamos\/infantil\/reunio-de-la-comunitat-de-petits\/","title":{"rendered":"Reuni\u00f3 d&#8217;inici de curs de la comunitat de petits"},"content":{"rendered":"<p><img loading=\"lazy\" decoding=\"async\" class=\"wp-image-12092 alignright\" src=\"https:\/\/agora.xtec.cat\/escolalavilapalamos\/wp-content\/uploads\/usu897\/2022\/09\/Reunions-Inici-Curs-2021-22-Web.jpg\" alt=\"\" width=\"303\" height=\"315\" srcset=\"https:\/\/agora.xtec.cat\/escolalavilapalamos\/wp-content\/uploads\/usu897\/2022\/09\/Reunions-Inici-Curs-2021-22-Web.jpg 480w, https:\/\/agora.xtec.cat\/escolalavilapalamos\/wp-content\/uploads\/usu897\/2022\/09\/Reunions-Inici-Curs-2021-22-Web-289x300.jpg 289w\" sizes=\"auto, (max-width: 303px) 100vw, 303px\" \/>El dijous 1 de setembre vam fer la <strong>reuni\u00f3 d&#8217;inici de curs a la comunitat de petits<\/strong>.<\/p>\n<p>Aquestes s\u00f3n les informacions m\u00e9s importants que es van donar. En el pavell\u00f3 de l&#8217;escola, l&#8217;equip directiu va donar la benvinguda i va presentar l&#8217;equip docent, a m\u00e9s de donar informaci\u00f3 sobre <a href=\"https:\/\/agora.xtec.cat\/escolalavilapalamos\/\">la web de l&#8217;escola<\/a>, l&#8217; <a href=\"https:\/\/agora.xtec.cat\/escolalavilapalamos\/general\/nova-aplicacio-de-comunicacio-amb-les-families\/\">aplicaci\u00f3 de la tokapp<\/a> i l&#8217; <a href=\"https:\/\/sites.google.com\/view\/ampalavila\">AMPA<\/a>.<\/p>\n<p>Despr\u00e9s les fam\u00edlies es van dirigir a les classes de cada curs. Aquestes s\u00f3n les informacions que es van donar: <a href=\"https:\/\/drive.google.com\/file\/d\/1Pbqv8Q3Z6M_ObbrKoeE91-4hY-B7Znu6\/view?usp=sharing\">El dia a dia a l&#8217;escola <\/a><\/p>\n<p><a href=\"https:\/\/drive.google.com\/file\/d\/1zxBTuk40TdnAl0vCiChMRbGtPuEyDzvX\/view?usp=sharing\">Reuni\u00f3 de fam\u00edlies de P3<\/a><\/p>\n<p><a href=\"https:\/\/drive.google.com\/file\/d\/10zyuAYOD5Wrx4VqWf8Hwlzp-27wXx8gy\/view?usp=sharing\">Reuni\u00f3 de fam\u00edlies de P4<\/a><\/p>\n<p><a href=\"https:\/\/drive.google.com\/file\/d\/1XQhWOc7tZriflvRa3WCMutN87Z5rtEhM\/view?usp=sharing\">Reuni\u00f3 de fam\u00edlies de P5<\/a><\/p>\n","protected":false},"excerpt":{"rendered":"<p>El dijous 1 de setembre vam fer la reuni\u00f3 d&#8217;inici de curs a la comunitat de petits.<br \/>\nAquestes s\u00f3n les informacions m\u00e9s importants que es van donar. En el pavell\u00f3 de l&#8217;escola, l&#8217;equip directiu va donar la benvinguda i va presentar l&#8217;equip docent, a m\u00e9s de&hellip;  <a href=\"https:\/\/agora.xtec.cat\/escolalavilapalamos\/infantil\/reunio-de-la-comunitat-de-petits\/\" title=\"Read Reuni\u00f3 d&#8217;inici de curs de la comunitat de petits\">Llegeix m\u00e9s\u00bb<\/a><\/p>\n","protected":false},"author":1,"featured_media":12092,"comment_status":"open","ping_status":"closed","sticky":false,"template":"","format":"standard","meta":{"_bbp_topic_count":0,"_bbp_reply_count":0,"_bbp_total_topic_count":0,"_bbp_total_reply_count":0,"_bbp_voice_count":0,"_bbp_anonymous_reply_count":0,"_bbp_topic_count_hidden":0,"_bbp_reply_count_hidden":0,"_bbp_forum_subforum_count":0,"footnotes":""},"categories":[7,2,4],"tags":[],"class_list":["post-12091","post","type-post","status-publish","format-standard","has-post-thumbnail","hentry","category-ampa","category-infantil","category-portada"],"post_mailing_queue_ids":[],"_links":{"self":[{"href":"https:\/\/agora.xtec.cat\/escolalavilapalamos\/wp-json\/wp\/v2\/posts\/12091","targetHints":{"allow":["GET"]}}],"collection":[{"href":"https:\/\/agora.xtec.cat\/escolalavilapalamos\/wp-json\/wp\/v2\/posts"}],"about":[{"href":"https:\/\/agora.xtec.cat\/escolalavilapalamos\/wp-json\/wp\/v2\/types\/post"}],"author":[{"embeddable":true,"href":"https:\/\/agora.xtec.cat\/escolalavilapalamos\/wp-json\/wp\/v2\/users\/1"}],"replies":[{"embeddable":true,"href":"https:\/\/agora.xtec.cat\/escolalavilapalamos\/wp-json\/wp\/v2\/comments?post=12091"}],"version-history":[{"count":3,"href":"https:\/\/agora.xtec.cat\/escolalavilapalamos\/wp-json\/wp\/v2\/posts\/12091\/revisions"}],"predecessor-version":[{"id":12095,"href":"https:\/\/agora.xtec.cat\/escolalavilapalamos\/wp-json\/wp\/v2\/posts\/12091\/revisions\/12095"}],"wp:featuredmedia":[{"embeddable":true,"href":"https:\/\/agora.xtec.cat\/escolalavilapalamos\/wp-json\/wp\/v2\/media\/12092"}],"wp:attachment":[{"href":"https:\/\/agora.xtec.cat\/escolalavilapalamos\/wp-json\/wp\/v2\/media?parent=12091"}],"wp:term":[{"taxonomy":"category","embeddable":true,"href":"https:\/\/agora.xtec.cat\/escolalavilapalamos\/wp-json\/wp\/v2\/categories?post=12091"},{"taxonomy":"post_tag","embeddable":true,"href":"https:\/\/agora.xtec.cat\/escolalavilapalamos\/wp-json\/wp\/v2\/tags?post=12091"}],"curies":[{"name":"wp","href":"https:\/\/api.w.org\/{rel}","templated":true}]}}