{"id":12079,"date":"2022-09-14T12:03:49","date_gmt":"2022-09-14T10:03:49","guid":{"rendered":"https:\/\/agora.xtec.cat\/escolalavilapalamos\/?p=12079"},"modified":"2022-09-16T12:12:52","modified_gmt":"2022-09-16T10:12:52","slug":"reunio-dinici-de-curs-de-la-comunitat-de-mitjans","status":"publish","type":"post","link":"https:\/\/agora.xtec.cat\/escolalavilapalamos\/general\/reunio-dinici-de-curs-de-la-comunitat-de-mitjans\/","title":{"rendered":"Reuni\u00f3 d&#8217;inici de curs de la comunitat de mitjans"},"content":{"rendered":"<p>El dimarts 13 de setembre vam fer la <strong>reuni\u00f3 d&#8217;inici de curs a la comunitat de mitjans<\/strong>.<img loading=\"lazy\" decoding=\"async\" class=\"wp-image-12081 alignright\" src=\"https:\/\/agora.xtec.cat\/escolalavilapalamos\/wp-content\/uploads\/usu897\/2022\/09\/reunio\u0301-inici-de-curs.png\" alt=\"\" width=\"445\" height=\"294\" srcset=\"https:\/\/agora.xtec.cat\/escolalavilapalamos\/wp-content\/uploads\/usu897\/2022\/09\/reunio\u0301-inici-de-curs.png 931w, https:\/\/agora.xtec.cat\/escolalavilapalamos\/wp-content\/uploads\/usu897\/2022\/09\/reunio\u0301-inici-de-curs-300x198.png 300w, https:\/\/agora.xtec.cat\/escolalavilapalamos\/wp-content\/uploads\/usu897\/2022\/09\/reunio\u0301-inici-de-curs-768x507.png 768w\" sizes=\"auto, (max-width: 445px) 100vw, 445px\" \/> Aquestes s\u00f3n les informacions m\u00e9s importants que es van donar. En el pavell\u00f3 de l&#8217;escola, l&#8217;equip directiu va donar la benvinguda i va presentar l&#8217;equip docent, a m\u00e9s de donar informaci\u00f3 sobre <a href=\"https:\/\/agora.xtec.cat\/escolalavilapalamos\/\">la web de l&#8217;escola<\/a>, l&#8217; <a href=\"https:\/\/agora.xtec.cat\/escolalavilapalamos\/general\/nova-aplicacio-de-comunicacio-amb-les-families\/\">aplicaci\u00f3 de la tokapp<\/a> i l&#8217; <a href=\"https:\/\/sites.google.com\/view\/ampalavila\">AMPA<\/a>. <a href=\"https:\/\/docs.google.com\/document\/d\/1Sqn6fyRiuKZSXQeC71zjPuBBq6MFa5ww\/edit?usp=sharing&amp;ouid=112953978070114690444&amp;rtpof=true&amp;sd=true\">Calendari escolar<\/a><\/p>\n<p>Despr\u00e9s les fam\u00edlies es van dirigir a les classes de cada curs. Aquestes s\u00f3n les informacions que es van donar:<\/p>\n<p><a href=\"https:\/\/docs.google.com\/presentation\/d\/1t_9kvlWAyRDY1YvCEfn0c5Wh_Pz3YEK4zXvC76ysyJ0\/edit?usp=sharing\">Reuni\u00f3 de fam\u00edlies de 1r\u00a0 <\/a>\u00a0<a href=\"https:\/\/drive.google.com\/file\/d\/1iRIqwAg-_wJr5hV5D0tYZVXRbzcmuYH5\/view?usp=sharing\">Fem 1r. infografia<\/a><\/p>\n<p><a href=\"https:\/\/docs.google.com\/presentation\/d\/1UqR1_xkd_AjCzndXCqSUQXZjOzg-fGGBfoxR_cFglm8\/edit?usp=sharing\">Reuni\u00f3 de fam\u00edlies de 2n<\/a>\u00a0 <a href=\"https:\/\/drive.google.com\/file\/d\/1BlzywI9X6XjLdOhAGfac4_3RCuSWod0Y\/view?usp=sharing\">Fem 2n. infografia<\/a><\/p>\n<p><a href=\"https:\/\/docs.google.com\/presentation\/d\/1rxsZPLXeWlC5N0PDKOGRYuwhGHMGmnx3oSdRNPA60D8\/edit?usp=sharing\">Reuni\u00f3 de fam\u00edlies de 3r<\/a> \u00a0 <a href=\"https:\/\/drive.google.com\/file\/d\/1Neyr9tnFxfv0P3xksbioRKSoqBgNhg8f\/view?usp=sharing\">Fem 3r. infografia<\/a><\/p>\n","protected":false},"excerpt":{"rendered":"<p>El dimarts 13 de setembre vam fer la reuni\u00f3 d&#8217;inici de curs a la comunitat de mitjans. Aquestes s\u00f3n les informacions m\u00e9s importants que es van donar. En el pavell\u00f3 de l&#8217;escola, l&#8217;equip directiu va donar la benvinguda i va presentar l&#8217;equip docent, a m\u00e9s&hellip;  <a href=\"https:\/\/agora.xtec.cat\/escolalavilapalamos\/general\/reunio-dinici-de-curs-de-la-comunitat-de-mitjans\/\" title=\"Read Reuni\u00f3 d&#8217;inici de curs de la comunitat de mitjans\">Llegeix m\u00e9s\u00bb<\/a><\/p>\n","protected":false},"author":1,"featured_media":12081,"comment_status":"open","ping_status":"closed","sticky":false,"template":"","format":"standard","meta":{"_bbp_topic_count":0,"_bbp_reply_count":0,"_bbp_total_topic_count":0,"_bbp_total_reply_count":0,"_bbp_voice_count":0,"_bbp_anonymous_reply_count":0,"_bbp_topic_count_hidden":0,"_bbp_reply_count_hidden":0,"_bbp_forum_subforum_count":0,"footnotes":""},"categories":[7,127,1,4],"tags":[],"class_list":["post-12079","post","type-post","status-publish","format-standard","has-post-thumbnail","hentry","category-ampa","category-comunitat-de-mitjans","category-general","category-portada"],"post_mailing_queue_ids":[],"_links":{"self":[{"href":"https:\/\/agora.xtec.cat\/escolalavilapalamos\/wp-json\/wp\/v2\/posts\/12079","targetHints":{"allow":["GET"]}}],"collection":[{"href":"https:\/\/agora.xtec.cat\/escolalavilapalamos\/wp-json\/wp\/v2\/posts"}],"about":[{"href":"https:\/\/agora.xtec.cat\/escolalavilapalamos\/wp-json\/wp\/v2\/types\/post"}],"author":[{"embeddable":true,"href":"https:\/\/agora.xtec.cat\/escolalavilapalamos\/wp-json\/wp\/v2\/users\/1"}],"replies":[{"embeddable":true,"href":"https:\/\/agora.xtec.cat\/escolalavilapalamos\/wp-json\/wp\/v2\/comments?post=12079"}],"version-history":[{"count":4,"href":"https:\/\/agora.xtec.cat\/escolalavilapalamos\/wp-json\/wp\/v2\/posts\/12079\/revisions"}],"predecessor-version":[{"id":12089,"href":"https:\/\/agora.xtec.cat\/escolalavilapalamos\/wp-json\/wp\/v2\/posts\/12079\/revisions\/12089"}],"wp:featuredmedia":[{"embeddable":true,"href":"https:\/\/agora.xtec.cat\/escolalavilapalamos\/wp-json\/wp\/v2\/media\/12081"}],"wp:attachment":[{"href":"https:\/\/agora.xtec.cat\/escolalavilapalamos\/wp-json\/wp\/v2\/media?parent=12079"}],"wp:term":[{"taxonomy":"category","embeddable":true,"href":"https:\/\/agora.xtec.cat\/escolalavilapalamos\/wp-json\/wp\/v2\/categories?post=12079"},{"taxonomy":"post_tag","embeddable":true,"href":"https:\/\/agora.xtec.cat\/escolalavilapalamos\/wp-json\/wp\/v2\/tags?post=12079"}],"curies":[{"name":"wp","href":"https:\/\/api.w.org\/{rel}","templated":true}]}}