{"id":12073,"date":"2022-09-15T09:40:38","date_gmt":"2022-09-15T07:40:38","guid":{"rendered":"https:\/\/agora.xtec.cat\/escolalavilapalamos\/?p=12073"},"modified":"2022-09-20T09:42:03","modified_gmt":"2022-09-20T07:42:03","slug":"reunio-dinici-de-curs-de-la-comunitat-de-grans","status":"publish","type":"post","link":"https:\/\/agora.xtec.cat\/escolalavilapalamos\/general\/reunio-dinici-de-curs-de-la-comunitat-de-grans\/","title":{"rendered":"Reuni\u00f3 d&#8217;inici de curs de la comunitat de grans"},"content":{"rendered":"<p>El dimecres 14 de setembre vam fer la <strong>reuni\u00f3 d&#8217;inici de curs a la comunitat de grans<\/strong>.<img loading=\"lazy\" decoding=\"async\" class=\"alignright wp-image-12076 \" src=\"https:\/\/agora.xtec.cat\/escolalavilapalamos\/wp-content\/uploads\/usu897\/2022\/09\/reunions-familiars.jpg\" alt=\"\" width=\"328\" height=\"328\" srcset=\"https:\/\/agora.xtec.cat\/escolalavilapalamos\/wp-content\/uploads\/usu897\/2022\/09\/reunions-familiars.jpg 940w, https:\/\/agora.xtec.cat\/escolalavilapalamos\/wp-content\/uploads\/usu897\/2022\/09\/reunions-familiars-300x300.jpg 300w, https:\/\/agora.xtec.cat\/escolalavilapalamos\/wp-content\/uploads\/usu897\/2022\/09\/reunions-familiars-150x150.jpg 150w, https:\/\/agora.xtec.cat\/escolalavilapalamos\/wp-content\/uploads\/usu897\/2022\/09\/reunions-familiars-768x768.jpg 768w\" sizes=\"auto, (max-width: 328px) 100vw, 328px\" \/><\/p>\n<p>Aquestes s\u00f3n les informacions m\u00e9s importants que es van donar. En el pavell\u00f3 de l&#8217;escola, l&#8217;equip directiu va donar la benvinguda i va presentar l&#8217;equip docent, a m\u00e9s de donar informaci\u00f3 sobre <a href=\"https:\/\/agora.xtec.cat\/escolalavilapalamos\/\">la web de l&#8217;escola<\/a>, l&#8217; <a href=\"https:\/\/agora.xtec.cat\/escolalavilapalamos\/general\/nova-aplicacio-de-comunicacio-amb-les-families\/\">aplicaci\u00f3 de la tokapp<\/a> i l&#8217; <a href=\"https:\/\/sites.google.com\/view\/ampalavila\">AMPA<\/a>.<\/p>\n<p>Despr\u00e9s les fam\u00edlies es van dirigir a les classes de cada curs. Aquestes s\u00f3n les informacions que es van donar:<\/p>\n<p><a href=\"https:\/\/youtu.be\/i-wUrBnqvlw\">Reuni\u00f3 de fam\u00edlies de 4t<\/a><\/p>\n<p><a href=\"https:\/\/www.wevideo.com\/view\/2787243356\">Reuni\u00f3 de fam\u00edlies de 5\u00e8<\/a><\/p>\n<p><a href=\"https:\/\/youtu.be\/-OSP5o_6OI8\">Reuni\u00f3 de fam\u00edlies de 6\u00e8<\/a><\/p>\n","protected":false},"excerpt":{"rendered":"<p>El dimecres 14 de setembre vam fer la reuni\u00f3 d&#8217;inici de curs a la comunitat de grans.<br \/>\nAquestes s\u00f3n les informacions m\u00e9s importants que es van donar. En el pavell\u00f3 de l&#8217;escola, l&#8217;equip directiu va donar la benvinguda i va presentar l&#8217;equip docent, a m\u00e9s de&hellip;  <a href=\"https:\/\/agora.xtec.cat\/escolalavilapalamos\/general\/reunio-dinici-de-curs-de-la-comunitat-de-grans\/\" title=\"Read Reuni\u00f3 d&#8217;inici de curs de la comunitat de grans\">Llegeix m\u00e9s\u00bb<\/a><\/p>\n","protected":false},"author":1,"featured_media":12076,"comment_status":"open","ping_status":"closed","sticky":false,"template":"","format":"standard","meta":{"_bbp_topic_count":0,"_bbp_reply_count":0,"_bbp_total_topic_count":0,"_bbp_total_reply_count":0,"_bbp_voice_count":0,"_bbp_anonymous_reply_count":0,"_bbp_topic_count_hidden":0,"_bbp_reply_count_hidden":0,"_bbp_forum_subforum_count":0,"footnotes":""},"categories":[7,1,4],"tags":[],"class_list":["post-12073","post","type-post","status-publish","format-standard","has-post-thumbnail","hentry","category-ampa","category-general","category-portada"],"post_mailing_queue_ids":[],"_links":{"self":[{"href":"https:\/\/agora.xtec.cat\/escolalavilapalamos\/wp-json\/wp\/v2\/posts\/12073","targetHints":{"allow":["GET"]}}],"collection":[{"href":"https:\/\/agora.xtec.cat\/escolalavilapalamos\/wp-json\/wp\/v2\/posts"}],"about":[{"href":"https:\/\/agora.xtec.cat\/escolalavilapalamos\/wp-json\/wp\/v2\/types\/post"}],"author":[{"embeddable":true,"href":"https:\/\/agora.xtec.cat\/escolalavilapalamos\/wp-json\/wp\/v2\/users\/1"}],"replies":[{"embeddable":true,"href":"https:\/\/agora.xtec.cat\/escolalavilapalamos\/wp-json\/wp\/v2\/comments?post=12073"}],"version-history":[{"count":3,"href":"https:\/\/agora.xtec.cat\/escolalavilapalamos\/wp-json\/wp\/v2\/posts\/12073\/revisions"}],"predecessor-version":[{"id":12101,"href":"https:\/\/agora.xtec.cat\/escolalavilapalamos\/wp-json\/wp\/v2\/posts\/12073\/revisions\/12101"}],"wp:featuredmedia":[{"embeddable":true,"href":"https:\/\/agora.xtec.cat\/escolalavilapalamos\/wp-json\/wp\/v2\/media\/12076"}],"wp:attachment":[{"href":"https:\/\/agora.xtec.cat\/escolalavilapalamos\/wp-json\/wp\/v2\/media?parent=12073"}],"wp:term":[{"taxonomy":"category","embeddable":true,"href":"https:\/\/agora.xtec.cat\/escolalavilapalamos\/wp-json\/wp\/v2\/categories?post=12073"},{"taxonomy":"post_tag","embeddable":true,"href":"https:\/\/agora.xtec.cat\/escolalavilapalamos\/wp-json\/wp\/v2\/tags?post=12073"}],"curies":[{"name":"wp","href":"https:\/\/api.w.org\/{rel}","templated":true}]}}