{"id":12070,"date":"2022-09-15T10:43:00","date_gmt":"2022-09-15T08:43:00","guid":{"rendered":"https:\/\/agora.xtec.cat\/escolalavilapalamos\/?p=12070"},"modified":"2022-09-15T10:43:00","modified_gmt":"2022-09-15T08:43:00","slug":"rentar-se-les-dents-al-menjador","status":"publish","type":"post","link":"https:\/\/agora.xtec.cat\/escolalavilapalamos\/general\/rentar-se-les-dents-al-menjador\/","title":{"rendered":"Rentar-se les dents al menjador"},"content":{"rendered":"<p>Una vegada superades les restriccions de la pand\u00e8mia de COVID19, des del menjador s&#8217;obre la possibilitat de <strong>rentar-se les dents despr\u00e9s de dinar a l&#8217;escola. <\/strong>La mesura \u00e9s volunt\u00e0ria. <img loading=\"lazy\" decoding=\"async\" class=\"wp-image-12071  alignright\" src=\"https:\/\/agora.xtec.cat\/escolalavilapalamos\/wp-content\/uploads\/usu897\/2022\/09\/rentar-se-les-dents.jpg\" alt=\"\" width=\"472\" height=\"180\" srcset=\"https:\/\/agora.xtec.cat\/escolalavilapalamos\/wp-content\/uploads\/usu897\/2022\/09\/rentar-se-les-dents.jpg 1346w, https:\/\/agora.xtec.cat\/escolalavilapalamos\/wp-content\/uploads\/usu897\/2022\/09\/rentar-se-les-dents-300x115.jpg 300w, https:\/\/agora.xtec.cat\/escolalavilapalamos\/wp-content\/uploads\/usu897\/2022\/09\/rentar-se-les-dents-1024x391.jpg 1024w, https:\/\/agora.xtec.cat\/escolalavilapalamos\/wp-content\/uploads\/usu897\/2022\/09\/rentar-se-les-dents-768x293.jpg 768w\" sizes=\"auto, (max-width: 472px) 100vw, 472px\" \/><\/p>\n<p>Les fam\u00edlies interessades haureu de portar un <strong>necesser amb un raspall de dents, dent\u00edfric i un got de pl\u00e0stic,<\/strong> tot marcat amb el nom i cognoms. El necesser romandr\u00e0 a la motxilla del nen\/a i caldr\u00e0 que aquest el porti al menjador quan va a dinar.<\/p>\n<p>No es quedar\u00e0 cap necesser al menjador o a l&#8217;aula amb la idea que vagi cada dia a casa i en pogueu fer una revisi\u00f3 de l&#8217;estat del raspall i la pasta de dents.<\/p>\n","protected":false},"excerpt":{"rendered":"<p>Una vegada superades les restriccions de la pand\u00e8mia de COVID19, des del menjador s&#8217;obre la possibilitat de rentar-se les dents despr\u00e9s de dinar a l&#8217;escola. La mesura \u00e9s volunt\u00e0ria.<br \/>\nLes fam\u00edlies interessades haureu de portar un necesser amb un raspall de dents, dent\u00edfric i un&hellip;  <a href=\"https:\/\/agora.xtec.cat\/escolalavilapalamos\/general\/rentar-se-les-dents-al-menjador\/\" title=\"Read Rentar-se les dents al menjador\">Llegeix m\u00e9s\u00bb<\/a><\/p>\n","protected":false},"author":1,"featured_media":12071,"comment_status":"open","ping_status":"closed","sticky":false,"template":"","format":"standard","meta":{"_bbp_topic_count":0,"_bbp_reply_count":0,"_bbp_total_topic_count":0,"_bbp_total_reply_count":0,"_bbp_voice_count":0,"_bbp_anonymous_reply_count":0,"_bbp_topic_count_hidden":0,"_bbp_reply_count_hidden":0,"_bbp_forum_subforum_count":0,"footnotes":""},"categories":[1,4],"tags":[],"class_list":["post-12070","post","type-post","status-publish","format-standard","has-post-thumbnail","hentry","category-general","category-portada"],"post_mailing_queue_ids":[],"_links":{"self":[{"href":"https:\/\/agora.xtec.cat\/escolalavilapalamos\/wp-json\/wp\/v2\/posts\/12070","targetHints":{"allow":["GET"]}}],"collection":[{"href":"https:\/\/agora.xtec.cat\/escolalavilapalamos\/wp-json\/wp\/v2\/posts"}],"about":[{"href":"https:\/\/agora.xtec.cat\/escolalavilapalamos\/wp-json\/wp\/v2\/types\/post"}],"author":[{"embeddable":true,"href":"https:\/\/agora.xtec.cat\/escolalavilapalamos\/wp-json\/wp\/v2\/users\/1"}],"replies":[{"embeddable":true,"href":"https:\/\/agora.xtec.cat\/escolalavilapalamos\/wp-json\/wp\/v2\/comments?post=12070"}],"version-history":[{"count":1,"href":"https:\/\/agora.xtec.cat\/escolalavilapalamos\/wp-json\/wp\/v2\/posts\/12070\/revisions"}],"predecessor-version":[{"id":12072,"href":"https:\/\/agora.xtec.cat\/escolalavilapalamos\/wp-json\/wp\/v2\/posts\/12070\/revisions\/12072"}],"wp:featuredmedia":[{"embeddable":true,"href":"https:\/\/agora.xtec.cat\/escolalavilapalamos\/wp-json\/wp\/v2\/media\/12071"}],"wp:attachment":[{"href":"https:\/\/agora.xtec.cat\/escolalavilapalamos\/wp-json\/wp\/v2\/media?parent=12070"}],"wp:term":[{"taxonomy":"category","embeddable":true,"href":"https:\/\/agora.xtec.cat\/escolalavilapalamos\/wp-json\/wp\/v2\/categories?post=12070"},{"taxonomy":"post_tag","embeddable":true,"href":"https:\/\/agora.xtec.cat\/escolalavilapalamos\/wp-json\/wp\/v2\/tags?post=12070"}],"curies":[{"name":"wp","href":"https:\/\/api.w.org\/{rel}","templated":true}]}}