{"id":12048,"date":"2022-09-06T15:57:24","date_gmt":"2022-09-06T13:57:24","guid":{"rendered":"https:\/\/agora.xtec.cat\/escolalavilapalamos\/?p=12048"},"modified":"2022-09-06T16:03:31","modified_gmt":"2022-09-06T14:03:31","slug":"el-peix-a-lescola-de-lescola-a-casa","status":"publish","type":"post","link":"https:\/\/agora.xtec.cat\/escolalavilapalamos\/general\/el-peix-a-lescola-de-lescola-a-casa\/","title":{"rendered":"El peix a l&#8217;escola. De l&#8217;escola a casa"},"content":{"rendered":"<p><img loading=\"lazy\" decoding=\"async\" class=\"wp-image-12049 alignright\" src=\"https:\/\/agora.xtec.cat\/escolalavilapalamos\/wp-content\/uploads\/usu897\/2022\/09\/ESCOLA_A_CASA_POST.jpg\" alt=\"\" width=\"433\" height=\"433\" srcset=\"https:\/\/agora.xtec.cat\/escolalavilapalamos\/wp-content\/uploads\/usu897\/2022\/09\/ESCOLA_A_CASA_POST.jpg 2480w, https:\/\/agora.xtec.cat\/escolalavilapalamos\/wp-content\/uploads\/usu897\/2022\/09\/ESCOLA_A_CASA_POST-300x300.jpg 300w, https:\/\/agora.xtec.cat\/escolalavilapalamos\/wp-content\/uploads\/usu897\/2022\/09\/ESCOLA_A_CASA_POST-1024x1024.jpg 1024w, https:\/\/agora.xtec.cat\/escolalavilapalamos\/wp-content\/uploads\/usu897\/2022\/09\/ESCOLA_A_CASA_POST-150x150.jpg 150w, https:\/\/agora.xtec.cat\/escolalavilapalamos\/wp-content\/uploads\/usu897\/2022\/09\/ESCOLA_A_CASA_POST-768x768.jpg 768w, https:\/\/agora.xtec.cat\/escolalavilapalamos\/wp-content\/uploads\/usu897\/2022\/09\/ESCOLA_A_CASA_POST-1536x1536.jpg 1536w, https:\/\/agora.xtec.cat\/escolalavilapalamos\/wp-content\/uploads\/usu897\/2022\/09\/ESCOLA_A_CASA_POST-2048x2048.jpg 2048w\" sizes=\"auto, (max-width: 433px) 100vw, 433px\" \/>Per al\u00a0<strong>curs escolar 2022-2023<\/strong>, des del Consell Comarcal del Baix Empord\u00e0 us presentem el projecte\u00a0<strong>DE L&#8217;ESCOLA A CASA, DIVULGACI\u00d3 I SENSIBILITZACI\u00d3 DEL CONSUM DE PEIX A LES FAM\u00cdLIES DEL BAIX EMPORD\u00c0<\/strong>,<strong>\u00a0<\/strong>que dona continu\u00eftat al projecte \u201cEl peix a l\u2019escola\u201d. L\u2019objectiu \u00e9s donar resposta a un d\u00e8ficit detectat en el coneixement del peix fresc i dels beneficis del seu consum entre les fam\u00edlies de la comarca.<\/p>\n<p>\u201cEl peix a l\u2019escola\u201d es va portar a terme en l\u2019\u00e0mbit dels menjadors escolars dels menjadors escolars dels centres educatius que es gestionen des del Consell Comarcal. Enguany el projecte t\u00e9 per objectiu fer un pas m\u00e9s enll\u00e0, desenvolupant una campanya de promoci\u00f3 del consum de peix de proximitat orientada als infants i treballant tamb\u00e9 en l&#8217;\u00e0mbit familiar. Per tal de seguir presents a l&#8217;escola, s\u2019aportaran materials did\u00e0ctics per als equips docents i tamb\u00e9 jocs i activitats pel temps de migdia, en el marc del projecte Temps de Migdia Educatiu al Baix Empord\u00e0, impulsat per l\u2019\u00c0rea d\u2019Ensenyament del Consell Comarcal.<\/p>\n<p>El projecte presenta les seg\u00fcents l\u00ednies de treball:<\/p>\n<p><strong>MALETA PEDAG\u00d2GICA<\/strong><\/p>\n<p>Des del Grup de Recerca en Educaci\u00f3 Cient\u00edfica i Ambiental (GRECA) del Departament de Did\u00e0ctiques Espec\u00edfiques de la Facultat d&#8217;Educaci\u00f3 i Psicologia de la Universitat de Girona, s\u2019elabora una proposta did\u00e0ctica en format de maleta pedag\u00f2gica, destinada a l&#8217;alumnat de Cicle Inicial d&#8217;Educaci\u00f3 Prim\u00e0ria de les escoles de la comarca del Baix Empord\u00e0 que permetr\u00e0 abordar aspectes relacionats amb el peix des de la perspectiva de la sostenibilitat. Aquesta unitat did\u00e0ctica es posar\u00e0 a disposici\u00f3 de les escoles a trav\u00e9s del Centre de Recursos pedag\u00f2gic.<\/p>\n<p><strong>JOC DE MEM\u00d2RIA<\/strong><\/p>\n<p>Joc de mem\u00f2ria dissenyat amb il\u00b7lustracions atractives per afavorir l&#8217;aprenentatge entre els nens i nenes de diverses esp\u00e8cies aut\u00f2ctones de peix, recursos i equipaments del sector amb un enfocament transversal amb l\u2019eix de la sostenibilitat. Compta amb unes targetes que ofereixen informaci\u00f3 especialitzada i adequada als infants. Inicialment s\u2019utilitzar\u00e0 en l\u2019\u00e0mbit de l\u2019espai educatiu del menjador i es far\u00e0 arribar al centre.<\/p>\n<p><strong>DIVULGACI\u00d3<\/strong><\/p>\n<p>Xerrades nutricionals dirigides a les fam\u00edlies de les escoles de la comarca sobre els beneficis que t\u00e9 el consum de peix en l&#8217;etapa infantil. Podeu fer la inscripci\u00f3 al bot\u00f3 verd que trobareu a la part superior de la imatge.<\/p>\n<p><strong>SENSIBILITZACI\u00d3<\/strong><\/p>\n<p>Tallers pr\u00e0ctics de cuina per ensenyar a les fam\u00edlies a cuinar peix fresc de forma variada i divertida, per engrescar els infants a menjar-ne i, a la vegada, apropar el producte pesquer i el seu consum. Podeu fer la inscripci\u00f3 al bot\u00f3 verd que trobareu a la part superior de la imatge.<\/p>\n<p><a href=\"https:\/\/drive.google.com\/file\/d\/1S-urniZKUWocWYcajrNC3WYRibvNnmDV\/view?usp=sharing\">Informaci\u00f3 per les fam\u00edlies<\/a><\/p>\n<p>M\u00e9s informaci\u00f3 aqu\u00ed: <a href=\"https:\/\/www.baixemporda.cat\/ca\/carta-de-serveis\/ensenyament\/projectes-temps-de-migdia-del-consell-comarcal\/el-peix-a-l-escola-de-l-escola-a-casa\/\">https:\/\/www.baixemporda.cat\/ca\/carta-de-serveis\/ensenyament\/projectes-temps-de-migdia-del-consell-comarcal\/el-peix-a-l-escola-de-l-escola-a-casa\/<\/a><\/p>\n","protected":false},"excerpt":{"rendered":"<p>Per al\u00a0curs escolar 2022-2023, des del Consell Comarcal del Baix Empord\u00e0 us presentem el projecte\u00a0DE L&#8217;ESCOLA A CASA, DIVULGACI\u00d3 I SENSIBILITZACI\u00d3 DEL CONSUM DE PEIX A LES FAM\u00cdLIES DEL BAIX EMPORD\u00c0,\u00a0que dona continu\u00eftat al projecte \u201cEl peix a l\u2019escola\u201d. L\u2019objectiu \u00e9s donar resposta a un&hellip;  <a href=\"https:\/\/agora.xtec.cat\/escolalavilapalamos\/general\/el-peix-a-lescola-de-lescola-a-casa\/\" title=\"Read El peix a l&#8217;escola. De l&#8217;escola a casa\">Llegeix m\u00e9s\u00bb<\/a><\/p>\n","protected":false},"author":1,"featured_media":12049,"comment_status":"open","ping_status":"closed","sticky":false,"template":"","format":"standard","meta":{"_bbp_topic_count":0,"_bbp_reply_count":0,"_bbp_total_topic_count":0,"_bbp_total_reply_count":0,"_bbp_voice_count":0,"_bbp_anonymous_reply_count":0,"_bbp_topic_count_hidden":0,"_bbp_reply_count_hidden":0,"_bbp_forum_subforum_count":0,"footnotes":""},"categories":[1,4],"tags":[],"class_list":["post-12048","post","type-post","status-publish","format-standard","has-post-thumbnail","hentry","category-general","category-portada"],"post_mailing_queue_ids":[],"_links":{"self":[{"href":"https:\/\/agora.xtec.cat\/escolalavilapalamos\/wp-json\/wp\/v2\/posts\/12048","targetHints":{"allow":["GET"]}}],"collection":[{"href":"https:\/\/agora.xtec.cat\/escolalavilapalamos\/wp-json\/wp\/v2\/posts"}],"about":[{"href":"https:\/\/agora.xtec.cat\/escolalavilapalamos\/wp-json\/wp\/v2\/types\/post"}],"author":[{"embeddable":true,"href":"https:\/\/agora.xtec.cat\/escolalavilapalamos\/wp-json\/wp\/v2\/users\/1"}],"replies":[{"embeddable":true,"href":"https:\/\/agora.xtec.cat\/escolalavilapalamos\/wp-json\/wp\/v2\/comments?post=12048"}],"version-history":[{"count":2,"href":"https:\/\/agora.xtec.cat\/escolalavilapalamos\/wp-json\/wp\/v2\/posts\/12048\/revisions"}],"predecessor-version":[{"id":12051,"href":"https:\/\/agora.xtec.cat\/escolalavilapalamos\/wp-json\/wp\/v2\/posts\/12048\/revisions\/12051"}],"wp:featuredmedia":[{"embeddable":true,"href":"https:\/\/agora.xtec.cat\/escolalavilapalamos\/wp-json\/wp\/v2\/media\/12049"}],"wp:attachment":[{"href":"https:\/\/agora.xtec.cat\/escolalavilapalamos\/wp-json\/wp\/v2\/media?parent=12048"}],"wp:term":[{"taxonomy":"category","embeddable":true,"href":"https:\/\/agora.xtec.cat\/escolalavilapalamos\/wp-json\/wp\/v2\/categories?post=12048"},{"taxonomy":"post_tag","embeddable":true,"href":"https:\/\/agora.xtec.cat\/escolalavilapalamos\/wp-json\/wp\/v2\/tags?post=12048"}],"curies":[{"name":"wp","href":"https:\/\/api.w.org\/{rel}","templated":true}]}}