{"id":12045,"date":"2022-09-06T15:29:29","date_gmt":"2022-09-06T13:29:29","guid":{"rendered":"https:\/\/agora.xtec.cat\/escolalavilapalamos\/?p=12045"},"modified":"2022-09-06T15:49:25","modified_gmt":"2022-09-06T13:49:25","slug":"activitats-extraescolars-2022-23","status":"publish","type":"post","link":"https:\/\/agora.xtec.cat\/escolalavilapalamos\/general\/activitats-extraescolars-2022-23\/","title":{"rendered":"Activitats extraescolars 2022-23"},"content":{"rendered":"<div dir=\"auto\"><img loading=\"lazy\" decoding=\"async\" class=\"size-large alignright\" src=\"https:\/\/afabisbatdegara.cat\/wp-content\/uploads\/2020\/04\/unnamed-1.png\" width=\"466\" height=\"225\" \/><\/div>\n<p dir=\"auto\">El proper 3 d&#8217;octubre comencen les activitats extraescolars. Tota la informaci\u00f3 de les extraescolars la teniu a <a href=\"https:\/\/sites.google.com\/view\/ampalavila\/inici\/extraescolars?authuser=0\">la web de l&#8217;ampa.<\/a><\/p>\n<p dir=\"auto\"><strong>Les inscripcions a les activitats extraescolars del curs 22-23 es fan a trav\u00e9s de formulari del 5 al 15 de setembre del 2022. Teniu l&#8217;enlla\u00e7 d&#8217;inscripci\u00f3 al costat de l&#8217;activitat. <\/strong><\/p>\n<p dir=\"auto\">Qualsevol dubte o aclariment adreceu-vos a <a href=\"mailto:lavila.ampa@gmail.com\" target=\"_blank\" rel=\"noopener\">lavila.ampa@gmail.com<\/a><\/p>\n<p>AMPA Escola La Vila Palam\u00f3s<\/p>\n","protected":false},"excerpt":{"rendered":"<p>El proper 3 d&#8217;octubre comencen les activitats extraescolars. Tota la informaci\u00f3 de les extraescolars la teniu a <a href=\"https:\/\/sites.google.com\/view\/ampalavila\/inici\/extraescolars?authuser=0\">la web de l&#8217;ampa.<\/a><br \/>\nLes inscripcions a les activitats extraescolars del curs 22-23 es fan a trav\u00e9s de formulari del 5 al 15 de setembre del 2022. Teniu&hellip;  <a href=\"https:\/\/agora.xtec.cat\/escolalavilapalamos\/general\/activitats-extraescolars-2022-23\/\" title=\"Read Activitats extraescolars 2022-23\">Llegeix m\u00e9s\u00bb<\/a><\/p>\n","protected":false},"author":1,"featured_media":1870,"comment_status":"open","ping_status":"closed","sticky":false,"template":"","format":"standard","meta":{"_bbp_topic_count":0,"_bbp_reply_count":0,"_bbp_total_topic_count":0,"_bbp_total_reply_count":0,"_bbp_voice_count":0,"_bbp_anonymous_reply_count":0,"_bbp_topic_count_hidden":0,"_bbp_reply_count_hidden":0,"_bbp_forum_subforum_count":0,"footnotes":""},"categories":[7,1,4],"tags":[],"class_list":["post-12045","post","type-post","status-publish","format-standard","has-post-thumbnail","hentry","category-ampa","category-general","category-portada"],"post_mailing_queue_ids":[],"_links":{"self":[{"href":"https:\/\/agora.xtec.cat\/escolalavilapalamos\/wp-json\/wp\/v2\/posts\/12045","targetHints":{"allow":["GET"]}}],"collection":[{"href":"https:\/\/agora.xtec.cat\/escolalavilapalamos\/wp-json\/wp\/v2\/posts"}],"about":[{"href":"https:\/\/agora.xtec.cat\/escolalavilapalamos\/wp-json\/wp\/v2\/types\/post"}],"author":[{"embeddable":true,"href":"https:\/\/agora.xtec.cat\/escolalavilapalamos\/wp-json\/wp\/v2\/users\/1"}],"replies":[{"embeddable":true,"href":"https:\/\/agora.xtec.cat\/escolalavilapalamos\/wp-json\/wp\/v2\/comments?post=12045"}],"version-history":[{"count":2,"href":"https:\/\/agora.xtec.cat\/escolalavilapalamos\/wp-json\/wp\/v2\/posts\/12045\/revisions"}],"predecessor-version":[{"id":12047,"href":"https:\/\/agora.xtec.cat\/escolalavilapalamos\/wp-json\/wp\/v2\/posts\/12045\/revisions\/12047"}],"wp:featuredmedia":[{"embeddable":true,"href":"https:\/\/agora.xtec.cat\/escolalavilapalamos\/wp-json\/wp\/v2\/media\/1870"}],"wp:attachment":[{"href":"https:\/\/agora.xtec.cat\/escolalavilapalamos\/wp-json\/wp\/v2\/media?parent=12045"}],"wp:term":[{"taxonomy":"category","embeddable":true,"href":"https:\/\/agora.xtec.cat\/escolalavilapalamos\/wp-json\/wp\/v2\/categories?post=12045"},{"taxonomy":"post_tag","embeddable":true,"href":"https:\/\/agora.xtec.cat\/escolalavilapalamos\/wp-json\/wp\/v2\/tags?post=12045"}],"curies":[{"name":"wp","href":"https:\/\/api.w.org\/{rel}","templated":true}]}}