{"id":12038,"date":"2022-08-30T14:47:22","date_gmt":"2022-08-30T12:47:22","guid":{"rendered":"https:\/\/agora.xtec.cat\/escolalavilapalamos\/?p=12038"},"modified":"2022-08-30T14:51:59","modified_gmt":"2022-08-30T12:51:59","slug":"informacio-de-les-tardes-de-setembre-de-2022","status":"publish","type":"post","link":"https:\/\/agora.xtec.cat\/escolalavilapalamos\/general\/informacio-de-les-tardes-de-setembre-de-2022\/","title":{"rendered":"Informaci\u00f3 de les tardes de setembre de 2022"},"content":{"rendered":"<p>El proper curs 22-23 <strong>comen\u00e7a el dilluns 5 de setembre en horari lectiu de matins<\/strong> de 8:30 a 12:30h. <strong>A les tardes no hi ha classe. <a href=\"https:\/\/agora.xtec.cat\/escolalavilapalamos\/wp-content\/uploads\/usu897\/2022\/08\/escola.jpg\"><img loading=\"lazy\" decoding=\"async\" class=\"wp-image-12039 alignright\" src=\"https:\/\/agora.xtec.cat\/escolalavilapalamos\/wp-content\/uploads\/usu897\/2022\/08\/escola-300x223.jpg\" alt=\"\" width=\"323\" height=\"240\" srcset=\"https:\/\/agora.xtec.cat\/escolalavilapalamos\/wp-content\/uploads\/usu897\/2022\/08\/escola-300x223.jpg 300w, https:\/\/agora.xtec.cat\/escolalavilapalamos\/wp-content\/uploads\/usu897\/2022\/08\/escola-200x150.jpg 200w, https:\/\/agora.xtec.cat\/escolalavilapalamos\/wp-content\/uploads\/usu897\/2022\/08\/escola.jpg 516w\" sizes=\"auto, (max-width: 323px) 100vw, 323px\" \/><\/a><\/strong><\/p>\n<p><strong>La jornada continuada ser\u00e0 del 5 al 30 de setembre. <\/strong><\/p>\n<p><strong>Per les fam\u00edlies que ho necessitin, els nens\/es poden venir a l\u2019escola a la tarda. Les activitats seran de lleure al pati. <\/strong>Les tardes de setembre seran cobertes per monitors\/es de l\u2019empresa de menjador BoiSa<strong> i<\/strong><strong> l\u2019horari ser\u00e0 de 15 a 16h. <\/strong><\/p>\n<p>De 08:30h. a 12:30h. Horari LECTIU<\/p>\n<p>De 12:30h. a 14:45h. Horari\u00a0 MENJADOR<\/p>\n<p>De 15:00h. a 16:00h. HORARI D\u2019ACTIVITAT DE LLEURE.<\/p>\n<p>IMPORTANT: En cas que vulgueu fer \u00fas d\u2019aquesta hora de lleure de 15:00h. a 16:00h <strong>haureu de signar l\u2019autoritzaci\u00f3 que us adjuntem<\/strong>.<\/p>\n<p>Caldr\u00e0 que envieu el document signat <strong>abans de dilluns 5 de setembre<\/strong> al correu electr\u00f2nic de l\u2019escola <a href=\"mailto:escolalavilapalamos@xtec.cat\">escolalavilapalamos@xtec.cat<\/a><\/p>\n<p><strong>Si una fam\u00edlia no signa l\u2019autoritzaci\u00f3 no podr\u00e0 fer \u00e9s del servei de tardes de setembre<\/strong>.<\/p>\n<p>Salutacions<\/p>\n<p><a href=\"https:\/\/tokapp.com\/url\/uf0pkj6r\">Circular informativa tardes de setembre<\/a><\/p>\n<p><a href=\"https:\/\/tokapp.com\/url\/wvn2xtks\">Autoritzaci\u00f3 tardes de setembre<\/a><\/p>\n","protected":false},"excerpt":{"rendered":"<p>El proper curs 22-23 comen\u00e7a el dilluns 5 de setembre en horari lectiu de matins de 8:30 a 12:30h. A les tardes no hi ha classe. <a href=\"https:\/\/agora.xtec.cat\/escolalavilapalamos\/wp-content\/uploads\/usu897\/2022\/08\/escola.jpg\"><\/a><br \/>\nLa jornada continuada ser\u00e0 del 5 al 30 de setembre.<br \/>\nPer les fam\u00edlies que ho necessitin, els nens\/es&hellip;  <a href=\"https:\/\/agora.xtec.cat\/escolalavilapalamos\/general\/informacio-de-les-tardes-de-setembre-de-2022\/\" title=\"Read Informaci\u00f3 de les tardes de setembre de 2022\">Llegeix m\u00e9s\u00bb<\/a><\/p>\n","protected":false},"author":1,"featured_media":12039,"comment_status":"open","ping_status":"closed","sticky":false,"template":"","format":"standard","meta":{"_bbp_topic_count":0,"_bbp_reply_count":0,"_bbp_total_topic_count":0,"_bbp_total_reply_count":0,"_bbp_voice_count":0,"_bbp_anonymous_reply_count":0,"_bbp_topic_count_hidden":0,"_bbp_reply_count_hidden":0,"_bbp_forum_subforum_count":0,"footnotes":""},"categories":[1,4,5],"tags":[],"class_list":["post-12038","post","type-post","status-publish","format-standard","has-post-thumbnail","hentry","category-general","category-portada","category-primaria"],"post_mailing_queue_ids":[],"_links":{"self":[{"href":"https:\/\/agora.xtec.cat\/escolalavilapalamos\/wp-json\/wp\/v2\/posts\/12038","targetHints":{"allow":["GET"]}}],"collection":[{"href":"https:\/\/agora.xtec.cat\/escolalavilapalamos\/wp-json\/wp\/v2\/posts"}],"about":[{"href":"https:\/\/agora.xtec.cat\/escolalavilapalamos\/wp-json\/wp\/v2\/types\/post"}],"author":[{"embeddable":true,"href":"https:\/\/agora.xtec.cat\/escolalavilapalamos\/wp-json\/wp\/v2\/users\/1"}],"replies":[{"embeddable":true,"href":"https:\/\/agora.xtec.cat\/escolalavilapalamos\/wp-json\/wp\/v2\/comments?post=12038"}],"version-history":[{"count":2,"href":"https:\/\/agora.xtec.cat\/escolalavilapalamos\/wp-json\/wp\/v2\/posts\/12038\/revisions"}],"predecessor-version":[{"id":12041,"href":"https:\/\/agora.xtec.cat\/escolalavilapalamos\/wp-json\/wp\/v2\/posts\/12038\/revisions\/12041"}],"wp:featuredmedia":[{"embeddable":true,"href":"https:\/\/agora.xtec.cat\/escolalavilapalamos\/wp-json\/wp\/v2\/media\/12039"}],"wp:attachment":[{"href":"https:\/\/agora.xtec.cat\/escolalavilapalamos\/wp-json\/wp\/v2\/media?parent=12038"}],"wp:term":[{"taxonomy":"category","embeddable":true,"href":"https:\/\/agora.xtec.cat\/escolalavilapalamos\/wp-json\/wp\/v2\/categories?post=12038"},{"taxonomy":"post_tag","embeddable":true,"href":"https:\/\/agora.xtec.cat\/escolalavilapalamos\/wp-json\/wp\/v2\/tags?post=12038"}],"curies":[{"name":"wp","href":"https:\/\/api.w.org\/{rel}","templated":true}]}}