{"id":12009,"date":"2022-09-01T09:38:11","date_gmt":"2022-09-01T07:38:11","guid":{"rendered":"https:\/\/agora.xtec.cat\/escolalavilapalamos\/?p=12009"},"modified":"2022-09-21T09:38:45","modified_gmt":"2022-09-21T07:38:45","slug":"informacio-del-curs-22-23","status":"publish","type":"post","link":"https:\/\/agora.xtec.cat\/escolalavilapalamos\/general\/informacio-del-curs-22-23\/","title":{"rendered":"Informaci\u00f3 del curs 22-23"},"content":{"rendered":"<div class=\"entry-content\">\n<p><img loading=\"lazy\" decoding=\"async\" class=\"alignright wp-image-12015 size-full\" src=\"https:\/\/agora.xtec.cat\/escolalavilapalamos\/wp-content\/uploads\/usu897\/2022\/07\/Inici-curs-22-23.jpg\" alt=\"\" width=\"257\" height=\"437\" srcset=\"https:\/\/agora.xtec.cat\/escolalavilapalamos\/wp-content\/uploads\/usu897\/2022\/07\/Inici-curs-22-23.jpg 257w, https:\/\/agora.xtec.cat\/escolalavilapalamos\/wp-content\/uploads\/usu897\/2022\/07\/Inici-curs-22-23-176x300.jpg 176w\" sizes=\"auto, (max-width: 257px) 100vw, 257px\" \/><\/p>\n<p><strong>L\u2019 Escola La Vila <\/strong>ho est\u00e0 organitzant tot per comen\u00e7ar el proper curs 2022-23 amb normalitat.<\/p>\n<p>Les classes s&#8217;iniciaran <strong>el dilluns 5 de setembre amb jornada continuada<\/strong> per Educaci\u00f3 Infantil i Prim\u00e0ria (8:30 a 12:30h) <strong>fins el<\/strong> <strong>30 de setembre<\/strong>. <strong>A partir de l\u2019 1 d\u2019octubre<\/strong> l\u2019horari ser\u00e0 de matins i tardes per Educaci\u00f3 Infantil i Prim\u00e0ria (8:30 a 12h i 14:30 a 16h).<\/p>\n<p>Per a una millor adaptaci\u00f3 dels <strong>alumnes de P-3, <\/strong>es distribuiran en dos grups alternant els matins del dilluns 5 al dijous 8 de setembre. Les tutores faran entrevistes a les fam\u00edlies. A la carta de P3 s\u2019explica detalladament els grups per fer l&#8217;adaptaci\u00f3. <strong>A partir de divendres 9 de setembre els alumnes de P3 ja faran horari normal de 8:30 a 12:30h. <\/strong>Per correu electr\u00f2nic heu rebut l\u2019horari d\u2019adaptaci\u00f3 del vostre fill\/a: <a href=\"https:\/\/drive.google.com\/file\/d\/1E6WU-heLNApajbHjSjbbPxSBQ1KInqig\/view?usp=sharing\">Informaci\u00f3 grup 1<\/a>, <a href=\"https:\/\/drive.google.com\/file\/d\/1ZHNkwNzXpeguhiLCao_hUxADNIUUPV_e\/view?usp=sharing\">informaci\u00f3 grup 2<\/a>. <a href=\"https:\/\/drive.google.com\/file\/d\/1oBXwoQpyeBpkLx-vS1-sbBehzeiomoVm\/view?usp=sharing\">El dia a dia a l&#8217;escola<\/a>. <a href=\"https:\/\/drive.google.com\/file\/d\/1F89ovJEuJT0U1RvnrByqkBhIpgsOPpbG\/view?usp=sharing\">Les capacitats a educaci\u00f3 infantil.<\/a><\/p>\n<p class=\"Default\"><strong>El servei de menjador escolar i d\u2019acollida comen\u00e7a el dilluns 5 de setembre amb normalitat.<\/strong> Horari de menjador del 5 al 30 de setembre: de 12:30 a 15 h. Per quedar-se al menjador de l\u2019escola consulteu la web: <a href=\"https:\/\/www.baixemporda.cat\/ca\/carta-de-serveis\/ensenyament\">https:\/\/www.baixemporda.cat\/ca\/carta-de-serveis\/ensenyament<\/a>. Per deixar a la mainada a acollida consulteu a: <a href=\"https:\/\/sites.google.com\/view\/ampalavila\/inici\/acollida\">https:\/\/sites.google.com\/view\/ampalavila\/inici\/acollida<\/a><\/p>\n<p><strong>Reunions d\u2019inici de curs: <\/strong><strong><br \/>\n<\/strong><\/p>\n<p>Comunitat de petits: <strong>dijous 1 de setembre a les 19:30h<\/strong><\/p>\n<p>Comunitat de mitjans: <strong>dimarts\u00a0 13 de setembre a les 19:30h<\/strong><\/p>\n<p>Comunitat de grans: <strong>dimecres 14 de setembre a les 19:30h<\/strong><\/p>\n<header><\/header>\n<div class=\"entry-content\">\n<p>Tamb\u00e9 hi haur\u00e0\u00a0<strong>reuni\u00f3 de menjador escolar pels usuaris del servei el mes de setembre.<br \/>\n<\/strong><\/p>\n<p>La informaci\u00f3 de l\u2019AMPA sobre xandalls, bates, acollida matinal i extraescolars la podreu consultar a la\u00a0<a href=\"https:\/\/sites.google.com\/view\/ampalavila\">web de l\u2019AMPA<\/a>.<i><br \/>\n<\/i><\/p>\n<p><strong>Tota la informaci\u00f3 del proper curs escolar 2022-23 la teniu en els seg\u00fcents enlla\u00e7os:<\/strong><\/p>\n<p><a href=\"https:\/\/drive.google.com\/file\/d\/1Ud0LRUw0c0J5AwtyPDP1TZQbqRhlBOhk\/view?usp=sharing\">Carta de benvinguda al nou curs 2022-23<\/a><\/p>\n<p><a href=\"https:\/\/drive.google.com\/file\/d\/1ZP5F51Z5LxF6ojZ_fmKQRmJBHP9WN_Te\/view?usp=sharing\">Quotes d\u2019inici de curs Escola La Vila 2022-23<\/a> (pagament fins el 30 de juny). <a href=\"https:\/\/drive.google.com\/file\/d\/1dmrfwzofyYhiqkorppcWCoy2J0IHBO-V\/view?usp=sharing\">Qu\u00e8 es cobreix amb la quota d\u2019inici de curs ?<\/a><\/p>\n<p><a href=\"https:\/\/drive.google.com\/file\/d\/1JEXCWOOvL2fIoYK9SNMDMVuuUCKv9A6I\/view?usp=sharing\">Quotes AMPA i material escolar 2022-23<\/a> (pagament mesos de juliol i agost)<\/p>\n<p>Llistat del material escolar curs 2022-23. Qu\u00e8 es cobreix amb la quota de material que pago a l\u2019AMPA? <a href=\"https:\/\/drive.google.com\/file\/d\/1HZHbyZzJAw93G7q8xCUmo3yy7Qng6gQX\/view?usp=sharing\">Comunitat de Petits<\/a>, <a href=\"https:\/\/drive.google.com\/file\/d\/14lQ9V5ItCGW-P8Y1VL8mc1SUJr0DeK2O\/view?usp=sharing\">comunitat de mitjans<\/a> i <a href=\"https:\/\/drive.google.com\/file\/d\/1CZusKwgn2aB8xSjPTTTEKtztxgy7X0w_\/view?usp=sharing\">comunitat de grans<\/a>\u00a0 <strong>(No s\u2019ha de comprar, se\u2019l troben a l\u2019aula el primer dia d\u2019escola)<\/strong><\/p>\n<p>Tamb\u00e9 podeu demanar informaci\u00f3 de tot all\u00f2 que no us quedi clar a trav\u00e9s del correu electr\u00f2nic <a href=\"mailto:b7002560@xtec.cat\">escolalavilapalamos@xtec.cat<\/a>.<\/p>\n<\/div>\n<\/div>\n","protected":false},"excerpt":{"rendered":"<p>L\u2019 Escola La Vila ho est\u00e0 organitzant tot per comen\u00e7ar el proper curs 2022-23 amb normalitat.<br \/>\nLes classes s&#8217;iniciaran el dilluns 5 de setembre amb jornada continuada per Educaci\u00f3 Infantil i Prim\u00e0ria (8:30 a 12:30h) fins el 30 de setembre. A partir de l\u2019 1 d\u2019octubre&hellip;  <a href=\"https:\/\/agora.xtec.cat\/escolalavilapalamos\/general\/informacio-del-curs-22-23\/\" title=\"Read Informaci\u00f3 del curs 22-23\">Llegeix m\u00e9s\u00bb<\/a><\/p>\n","protected":false},"author":1,"featured_media":12015,"comment_status":"open","ping_status":"closed","sticky":false,"template":"","format":"standard","meta":{"_bbp_topic_count":0,"_bbp_reply_count":0,"_bbp_total_topic_count":0,"_bbp_total_reply_count":0,"_bbp_voice_count":0,"_bbp_anonymous_reply_count":0,"_bbp_topic_count_hidden":0,"_bbp_reply_count_hidden":0,"_bbp_forum_subforum_count":0,"footnotes":""},"categories":[1,4],"tags":[],"class_list":["post-12009","post","type-post","status-publish","format-standard","has-post-thumbnail","hentry","category-general","category-portada"],"post_mailing_queue_ids":[],"_links":{"self":[{"href":"https:\/\/agora.xtec.cat\/escolalavilapalamos\/wp-json\/wp\/v2\/posts\/12009","targetHints":{"allow":["GET"]}}],"collection":[{"href":"https:\/\/agora.xtec.cat\/escolalavilapalamos\/wp-json\/wp\/v2\/posts"}],"about":[{"href":"https:\/\/agora.xtec.cat\/escolalavilapalamos\/wp-json\/wp\/v2\/types\/post"}],"author":[{"embeddable":true,"href":"https:\/\/agora.xtec.cat\/escolalavilapalamos\/wp-json\/wp\/v2\/users\/1"}],"replies":[{"embeddable":true,"href":"https:\/\/agora.xtec.cat\/escolalavilapalamos\/wp-json\/wp\/v2\/comments?post=12009"}],"version-history":[{"count":2,"href":"https:\/\/agora.xtec.cat\/escolalavilapalamos\/wp-json\/wp\/v2\/posts\/12009\/revisions"}],"predecessor-version":[{"id":12102,"href":"https:\/\/agora.xtec.cat\/escolalavilapalamos\/wp-json\/wp\/v2\/posts\/12009\/revisions\/12102"}],"wp:featuredmedia":[{"embeddable":true,"href":"https:\/\/agora.xtec.cat\/escolalavilapalamos\/wp-json\/wp\/v2\/media\/12015"}],"wp:attachment":[{"href":"https:\/\/agora.xtec.cat\/escolalavilapalamos\/wp-json\/wp\/v2\/media?parent=12009"}],"wp:term":[{"taxonomy":"category","embeddable":true,"href":"https:\/\/agora.xtec.cat\/escolalavilapalamos\/wp-json\/wp\/v2\/categories?post=12009"},{"taxonomy":"post_tag","embeddable":true,"href":"https:\/\/agora.xtec.cat\/escolalavilapalamos\/wp-json\/wp\/v2\/tags?post=12009"}],"curies":[{"name":"wp","href":"https:\/\/api.w.org\/{rel}","templated":true}]}}