{"id":12005,"date":"2022-06-25T21:12:43","date_gmt":"2022-06-25T19:12:43","guid":{"rendered":"https:\/\/agora.xtec.cat\/escolalavilapalamos\/?p=12005"},"modified":"2022-08-31T08:16:57","modified_gmt":"2022-08-31T06:16:57","slug":"graduacio-de-6e-promocio-2013-2022","status":"publish","type":"post","link":"https:\/\/agora.xtec.cat\/escolalavilapalamos\/general\/graduacio-de-6e-promocio-2013-2022\/","title":{"rendered":"Graduaci\u00f3 de 6\u00e8. Promoci\u00f3 2013-2022"},"content":{"rendered":"<p>El passat divendres 17 de juny vam fer la graduaci\u00f3 de 6\u00e8 de prim\u00e0ria a les 19:30 al pavell\u00f3 de l&#8217;escola i al pati. Va ser un moment molt especial pels nostres alumnes i mestres de l&#8217;escola. Una generaci\u00f3 que recordarem durant molt de temps. Aqu\u00ed teniu un recull de moments de la graduaci\u00f3, que va ser un acte ben especial.<\/p>\n<p>Gr\u00e0cies per cada instant! Fins sempre, nens i nenes de 6\u00e8!<\/p>\n<p><iframe loading=\"lazy\" title=\"Acte graduaci\u00f3 6\u00e8. Promoci\u00f3 2013\/2022\" width=\"500\" height=\"281\" src=\"https:\/\/www.youtube.com\/embed\/DSfIShULnc8?feature=oembed\" frameborder=\"0\" allow=\"accelerometer; autoplay; clipboard-write; encrypted-media; gyroscope; picture-in-picture; web-share\" referrerpolicy=\"strict-origin-when-cross-origin\" allowfullscreen><\/iframe><\/p>\n","protected":false},"excerpt":{"rendered":"<p>El passat divendres 17 de juny vam fer la graduaci\u00f3 de 6\u00e8 de prim\u00e0ria a les 19:30 al pavell\u00f3 de l&#8217;escola i al pati. Va ser un moment molt especial pels nostres alumnes i mestres de l&#8217;escola. Una generaci\u00f3 que recordarem durant molt de temps.&hellip;  <a href=\"https:\/\/agora.xtec.cat\/escolalavilapalamos\/general\/graduacio-de-6e-promocio-2013-2022\/\" title=\"Read Graduaci\u00f3 de 6\u00e8. Promoci\u00f3 2013-2022\">Llegeix m\u00e9s\u00bb<\/a><\/p>\n","protected":false},"author":132,"featured_media":0,"comment_status":"closed","ping_status":"closed","sticky":false,"template":"","format":"standard","meta":{"_bbp_topic_count":0,"_bbp_reply_count":0,"_bbp_total_topic_count":0,"_bbp_total_reply_count":0,"_bbp_voice_count":0,"_bbp_anonymous_reply_count":0,"_bbp_topic_count_hidden":0,"_bbp_reply_count_hidden":0,"_bbp_forum_subforum_count":0,"footnotes":""},"categories":[15,128,1,138,4,5],"tags":[],"class_list":["post-12005","post","type-post","status-publish","format-standard","hentry","category-6e","category-comunitat-de-grans","category-general","category-notices-a-la-web","category-portada","category-primaria"],"post_mailing_queue_ids":[],"_links":{"self":[{"href":"https:\/\/agora.xtec.cat\/escolalavilapalamos\/wp-json\/wp\/v2\/posts\/12005","targetHints":{"allow":["GET"]}}],"collection":[{"href":"https:\/\/agora.xtec.cat\/escolalavilapalamos\/wp-json\/wp\/v2\/posts"}],"about":[{"href":"https:\/\/agora.xtec.cat\/escolalavilapalamos\/wp-json\/wp\/v2\/types\/post"}],"author":[{"embeddable":true,"href":"https:\/\/agora.xtec.cat\/escolalavilapalamos\/wp-json\/wp\/v2\/users\/132"}],"replies":[{"embeddable":true,"href":"https:\/\/agora.xtec.cat\/escolalavilapalamos\/wp-json\/wp\/v2\/comments?post=12005"}],"version-history":[{"count":1,"href":"https:\/\/agora.xtec.cat\/escolalavilapalamos\/wp-json\/wp\/v2\/posts\/12005\/revisions"}],"predecessor-version":[{"id":12006,"href":"https:\/\/agora.xtec.cat\/escolalavilapalamos\/wp-json\/wp\/v2\/posts\/12005\/revisions\/12006"}],"wp:attachment":[{"href":"https:\/\/agora.xtec.cat\/escolalavilapalamos\/wp-json\/wp\/v2\/media?parent=12005"}],"wp:term":[{"taxonomy":"category","embeddable":true,"href":"https:\/\/agora.xtec.cat\/escolalavilapalamos\/wp-json\/wp\/v2\/categories?post=12005"},{"taxonomy":"post_tag","embeddable":true,"href":"https:\/\/agora.xtec.cat\/escolalavilapalamos\/wp-json\/wp\/v2\/tags?post=12005"}],"curies":[{"name":"wp","href":"https:\/\/api.w.org\/{rel}","templated":true}]}}