{"id":11995,"date":"2022-06-21T15:20:18","date_gmt":"2022-06-21T13:20:18","guid":{"rendered":"https:\/\/agora.xtec.cat\/escolalavilapalamos\/?p=11995"},"modified":"2022-06-25T21:13:13","modified_gmt":"2022-06-25T19:13:13","slug":"bon-estiu-a-totes-i-tots","status":"publish","type":"post","link":"https:\/\/agora.xtec.cat\/escolalavilapalamos\/general\/bon-estiu-a-totes-i-tots\/","title":{"rendered":"Bon estiu a totes i tots !"},"content":{"rendered":"<div>\n<div class=\"entry-content\">\n<p><img loading=\"lazy\" decoding=\"async\" class=\"alignleft wp-image-11996 \" src=\"https:\/\/agora.xtec.cat\/escolalavilapalamos\/wp-content\/uploads\/usu897\/2022\/06\/bon-estiu.jpg\" alt=\"\" width=\"434\" height=\"318\" srcset=\"https:\/\/agora.xtec.cat\/escolalavilapalamos\/wp-content\/uploads\/usu897\/2022\/06\/bon-estiu.jpg 762w, https:\/\/agora.xtec.cat\/escolalavilapalamos\/wp-content\/uploads\/usu897\/2022\/06\/bon-estiu-300x220.jpg 300w\" sizes=\"auto, (max-width: 434px) 100vw, 434px\" \/>Arribem al final del curs 2021-22, un curs encara marcat per la pand\u00e8mia. L&#8217;acabem millor que el vam comen\u00e7ar: sense marcaretes a les aules i sense restriccions en el contacte entre grups d&#8217;alumnes. El recordarem com el curs del final de la pand\u00e8mia. Tot i els entrebancs hem aconseguit tenir les escoles obertes cada dia i oferir un servei essencial, l&#8217;educaci\u00f3. #escolessegures #escolesobertes<\/p>\n<p>Gr\u00e0cies als\/a les alumnes per haver aguantat totes les mesures, a les\/els mestres per ser tant professionals i a les fam\u00edlies pel vostre suport a l&#8217;escola en tot moment. De ben segur que el proper curs el podrem gaudir amb total normalitat a l&#8217;escola.<\/p>\n<p>Molta sort als nois i noies que marxen a l&#8217;institut a fer secund\u00e0ria. Han estat 9 anys de conviv\u00e8ncia plegats. Els trobarem a faltar.<\/p>\n<p>Gr\u00e0cies pel vostre comprom\u00eds i confian\u00e7a en el projecte educatiu de La Vila. <strong>El proper curs 2022-23 comen\u00e7a el dilluns 5 de setembre en horari de jornada continuada de 8:30 a 12:30 h.\u00a0<\/strong><\/p>\n<p>No us perdeu les informacions actualitzades a la <a href=\"https:\/\/agora.xtec.cat\/escolalavilapalamos\/\">web de l&#8217;escola<\/a>. Teniu un munt de <a href=\"https:\/\/agora.xtec.cat\/escolalavilapalamos\/general\/propostes-destiu-2\/\">propostes d&#8217;estiu.\u00a0<\/a><\/p>\n<p>Bona festa Major i bon estiu a tots\/es !!!\u00a0 Fins el proper curs !<\/p>\n<\/div>\n<\/div>\n","protected":false},"excerpt":{"rendered":"<p>Arribem al final del curs 2021-22, un curs encara marcat per la pand\u00e8mia. L&#8217;acabem millor que el vam comen\u00e7ar: sense marcaretes a les aules i sense restriccions en el contacte entre grups d&#8217;alumnes. El recordarem com el curs del final de la pand\u00e8mia. Tot i&hellip;  <a href=\"https:\/\/agora.xtec.cat\/escolalavilapalamos\/general\/bon-estiu-a-totes-i-tots\/\" title=\"Read Bon estiu a totes i tots !\">Llegeix m\u00e9s\u00bb<\/a><\/p>\n","protected":false},"author":1,"featured_media":11996,"comment_status":"open","ping_status":"closed","sticky":false,"template":"","format":"standard","meta":{"_bbp_topic_count":0,"_bbp_reply_count":0,"_bbp_total_topic_count":0,"_bbp_total_reply_count":0,"_bbp_voice_count":0,"_bbp_anonymous_reply_count":0,"_bbp_topic_count_hidden":0,"_bbp_reply_count_hidden":0,"_bbp_forum_subforum_count":0,"footnotes":""},"categories":[1,4],"tags":[],"class_list":["post-11995","post","type-post","status-publish","format-standard","has-post-thumbnail","hentry","category-general","category-portada"],"post_mailing_queue_ids":[],"_links":{"self":[{"href":"https:\/\/agora.xtec.cat\/escolalavilapalamos\/wp-json\/wp\/v2\/posts\/11995","targetHints":{"allow":["GET"]}}],"collection":[{"href":"https:\/\/agora.xtec.cat\/escolalavilapalamos\/wp-json\/wp\/v2\/posts"}],"about":[{"href":"https:\/\/agora.xtec.cat\/escolalavilapalamos\/wp-json\/wp\/v2\/types\/post"}],"author":[{"embeddable":true,"href":"https:\/\/agora.xtec.cat\/escolalavilapalamos\/wp-json\/wp\/v2\/users\/1"}],"replies":[{"embeddable":true,"href":"https:\/\/agora.xtec.cat\/escolalavilapalamos\/wp-json\/wp\/v2\/comments?post=11995"}],"version-history":[{"count":2,"href":"https:\/\/agora.xtec.cat\/escolalavilapalamos\/wp-json\/wp\/v2\/posts\/11995\/revisions"}],"predecessor-version":[{"id":11998,"href":"https:\/\/agora.xtec.cat\/escolalavilapalamos\/wp-json\/wp\/v2\/posts\/11995\/revisions\/11998"}],"wp:featuredmedia":[{"embeddable":true,"href":"https:\/\/agora.xtec.cat\/escolalavilapalamos\/wp-json\/wp\/v2\/media\/11996"}],"wp:attachment":[{"href":"https:\/\/agora.xtec.cat\/escolalavilapalamos\/wp-json\/wp\/v2\/media?parent=11995"}],"wp:term":[{"taxonomy":"category","embeddable":true,"href":"https:\/\/agora.xtec.cat\/escolalavilapalamos\/wp-json\/wp\/v2\/categories?post=11995"},{"taxonomy":"post_tag","embeddable":true,"href":"https:\/\/agora.xtec.cat\/escolalavilapalamos\/wp-json\/wp\/v2\/tags?post=11995"}],"curies":[{"name":"wp","href":"https:\/\/api.w.org\/{rel}","templated":true}]}}