{"id":11975,"date":"2022-06-17T13:44:21","date_gmt":"2022-06-17T11:44:21","guid":{"rendered":"https:\/\/agora.xtec.cat\/escolalavilapalamos\/?p=11975"},"modified":"2022-06-17T14:06:19","modified_gmt":"2022-06-17T12:06:19","slug":"lhort-de-lescola","status":"publish","type":"post","link":"https:\/\/agora.xtec.cat\/escolalavilapalamos\/general\/lhort-de-lescola\/","title":{"rendered":"L&#8217;HORT DE L&#8217;ESCOLA"},"content":{"rendered":"<p>Aquest principi d&#8217;any els nens i nenes de 2n vam iniciar el projecte de l&#8217;hort de l&#8217;escola. Un projecte engrescador i divertit.<\/p>\n<p>Per comen\u00e7ar vam haver de preparar el terreny, arrencant les males herbes i airejant la terra. Un cop fet aix\u00f2 vam poder plantar enciams, faves, cebes, porros, p\u00e8sols i gerds.<\/p>\n<p>Vam haver de &#8220;lluitar&#8221; contra un enemic inesperat, el pug\u00f3. Per aix\u00f2 vam plantar flors i vam portar moltes marietes a l&#8217;hort, ja que els agrada molt menjar pug\u00f3.<\/p>\n<p>Hem continuat arrencant males herbes i regant sovint i, finalment, despr\u00e9s de molt de treball, hem recollit els fruits!!!<\/p>\n<p>Clicant la foto podreu veure tot el proc\u00e9s!<\/p>\n<p><a href=\"https:\/\/photos.google.com\/share\/AF1QipPGHlmTGz1tqJljwbLAabFqIkrBxJH2CDm4OifpXyiDGOXhNgm5_CZxJ1yASczd6g?key=dTdGMWxiX3drT2NIeUZTNS1LR2hhUVBjdnUwNk9R\"><br \/>\n<img loading=\"lazy\" decoding=\"async\" class=\"aligncenter wp-image-11977 size-medium\" src=\"https:\/\/agora.xtec.cat\/escolalavilapalamos\/wp-content\/uploads\/usu897\/2022\/06\/hort-juny-2-300x225.jpeg\" alt=\"\" width=\"300\" height=\"225\" srcset=\"https:\/\/agora.xtec.cat\/escolalavilapalamos\/wp-content\/uploads\/usu897\/2022\/06\/hort-juny-2-300x225.jpeg 300w, https:\/\/agora.xtec.cat\/escolalavilapalamos\/wp-content\/uploads\/usu897\/2022\/06\/hort-juny-2-1024x768.jpeg 1024w, https:\/\/agora.xtec.cat\/escolalavilapalamos\/wp-content\/uploads\/usu897\/2022\/06\/hort-juny-2-768x576.jpeg 768w, https:\/\/agora.xtec.cat\/escolalavilapalamos\/wp-content\/uploads\/usu897\/2022\/06\/hort-juny-2-1536x1152.jpeg 1536w, https:\/\/agora.xtec.cat\/escolalavilapalamos\/wp-content\/uploads\/usu897\/2022\/06\/hort-juny-2-200x150.jpeg 200w, https:\/\/agora.xtec.cat\/escolalavilapalamos\/wp-content\/uploads\/usu897\/2022\/06\/hort-juny-2.jpeg 2048w\" sizes=\"auto, (max-width: 300px) 100vw, 300px\" \/><\/a><\/p>\n","protected":false},"excerpt":{"rendered":"<p>Aquest principi d&#8217;any els nens i nenes de 2n vam iniciar el projecte de l&#8217;hort de l&#8217;escola. Un projecte engrescador i divertit.<br \/>\nPer comen\u00e7ar vam haver de preparar el terreny, arrencant les males herbes i airejant la terra. Un cop fet aix\u00f2 vam poder plantar enciams,&hellip;  <a href=\"https:\/\/agora.xtec.cat\/escolalavilapalamos\/general\/lhort-de-lescola\/\" title=\"Read L&#8217;HORT DE L&#8217;ESCOLA\">Llegeix m\u00e9s\u00bb<\/a><\/p>\n","protected":false},"author":131,"featured_media":11977,"comment_status":"open","ping_status":"closed","sticky":false,"template":"","format":"standard","meta":{"_bbp_topic_count":0,"_bbp_reply_count":0,"_bbp_total_topic_count":0,"_bbp_total_reply_count":0,"_bbp_voice_count":0,"_bbp_anonymous_reply_count":0,"_bbp_topic_count_hidden":0,"_bbp_reply_count_hidden":0,"_bbp_forum_subforum_count":0,"footnotes":""},"categories":[127,1,4],"tags":[],"class_list":["post-11975","post","type-post","status-publish","format-standard","has-post-thumbnail","hentry","category-comunitat-de-mitjans","category-general","category-portada"],"post_mailing_queue_ids":[],"_links":{"self":[{"href":"https:\/\/agora.xtec.cat\/escolalavilapalamos\/wp-json\/wp\/v2\/posts\/11975","targetHints":{"allow":["GET"]}}],"collection":[{"href":"https:\/\/agora.xtec.cat\/escolalavilapalamos\/wp-json\/wp\/v2\/posts"}],"about":[{"href":"https:\/\/agora.xtec.cat\/escolalavilapalamos\/wp-json\/wp\/v2\/types\/post"}],"author":[{"embeddable":true,"href":"https:\/\/agora.xtec.cat\/escolalavilapalamos\/wp-json\/wp\/v2\/users\/131"}],"replies":[{"embeddable":true,"href":"https:\/\/agora.xtec.cat\/escolalavilapalamos\/wp-json\/wp\/v2\/comments?post=11975"}],"version-history":[{"count":3,"href":"https:\/\/agora.xtec.cat\/escolalavilapalamos\/wp-json\/wp\/v2\/posts\/11975\/revisions"}],"predecessor-version":[{"id":11979,"href":"https:\/\/agora.xtec.cat\/escolalavilapalamos\/wp-json\/wp\/v2\/posts\/11975\/revisions\/11979"}],"wp:featuredmedia":[{"embeddable":true,"href":"https:\/\/agora.xtec.cat\/escolalavilapalamos\/wp-json\/wp\/v2\/media\/11977"}],"wp:attachment":[{"href":"https:\/\/agora.xtec.cat\/escolalavilapalamos\/wp-json\/wp\/v2\/media?parent=11975"}],"wp:term":[{"taxonomy":"category","embeddable":true,"href":"https:\/\/agora.xtec.cat\/escolalavilapalamos\/wp-json\/wp\/v2\/categories?post=11975"},{"taxonomy":"post_tag","embeddable":true,"href":"https:\/\/agora.xtec.cat\/escolalavilapalamos\/wp-json\/wp\/v2\/tags?post=11975"}],"curies":[{"name":"wp","href":"https:\/\/api.w.org\/{rel}","templated":true}]}}