{"id":11908,"date":"2022-06-13T12:48:12","date_gmt":"2022-06-13T10:48:12","guid":{"rendered":"https:\/\/agora.xtec.cat\/escolalavilapalamos\/?p=11908"},"modified":"2022-06-13T12:48:12","modified_gmt":"2022-06-13T10:48:12","slug":"viatge-fi-de-curs-6e-2022","status":"publish","type":"post","link":"https:\/\/agora.xtec.cat\/escolalavilapalamos\/general\/viatge-fi-de-curs-6e-2022\/","title":{"rendered":"Viatge Fi de curs 6\u00e8 2022"},"content":{"rendered":"<p>Els dies 1,2 i 3 de juny els alumnes de 6\u00e8 vam fer el viatge de fi de curs a Coma-ruga i Port aventura.\u00a0 Ens vam allotjar a l&#8217;hotel Coma-ruga platja, al costat del mar. All\u00e0 vam realitzar activitats aqu\u00e0tiques com Kayak. A la nit vam fer diferents jocs de nit s\u00faper divertits!<\/p>\n<p>Ens ho vam passar genial i els monitors van ser molt simp\u00e0tics amb tots nosaltres.<\/p>\n<p>El dia 2 de juny el vam passar sencer a Port Aventura. Va ser un dia molt m\u00e0gic i divertit. Poder passar un dia tan bonic amb els companys i companyes va ser una experi\u00e8ncia \u00fanica i inoblidable. Sempre recordarem aquest viatge tan especial!!!!!<\/p>\n<p>Clica la <a href=\"https:\/\/photos.app.goo.gl\/ELjBzaauj1dR8LMk7\">imatge<\/a> per veure la galeria de fotos del viatge.<\/p>\n<p><a href=\"https:\/\/photos.app.goo.gl\/ELjBzaauj1dR8LMk7\"><img loading=\"lazy\" decoding=\"async\" class=\"aligncenter size-large wp-image-11909\" src=\"https:\/\/agora.xtec.cat\/escolalavilapalamos\/wp-content\/uploads\/usu897\/2022\/06\/Port-aventura-3-1024x575.jpg\" alt=\"\" width=\"1024\" height=\"575\" srcset=\"https:\/\/agora.xtec.cat\/escolalavilapalamos\/wp-content\/uploads\/usu897\/2022\/06\/Port-aventura-3-1024x575.jpg 1024w, https:\/\/agora.xtec.cat\/escolalavilapalamos\/wp-content\/uploads\/usu897\/2022\/06\/Port-aventura-3-300x169.jpg 300w, https:\/\/agora.xtec.cat\/escolalavilapalamos\/wp-content\/uploads\/usu897\/2022\/06\/Port-aventura-3-768x432.jpg 768w, https:\/\/agora.xtec.cat\/escolalavilapalamos\/wp-content\/uploads\/usu897\/2022\/06\/Port-aventura-3.jpg 1196w\" sizes=\"auto, (max-width: 1024px) 100vw, 1024px\" \/><\/a><\/p>\n","protected":false},"excerpt":{"rendered":"<p>Els dies 1,2 i 3 de juny els alumnes de 6\u00e8 vam fer el viatge de fi de curs a Coma-ruga i Port aventura.\u00a0 Ens vam allotjar a l&#8217;hotel Coma-ruga platja, al costat del mar. All\u00e0 vam realitzar activitats aqu\u00e0tiques com Kayak. A la nit&hellip;  <a href=\"https:\/\/agora.xtec.cat\/escolalavilapalamos\/general\/viatge-fi-de-curs-6e-2022\/\" title=\"Read Viatge Fi de curs 6\u00e8 2022\">Llegeix m\u00e9s\u00bb<\/a><\/p>\n","protected":false},"author":132,"featured_media":11909,"comment_status":"closed","ping_status":"closed","sticky":false,"template":"","format":"standard","meta":{"_bbp_topic_count":0,"_bbp_reply_count":0,"_bbp_total_topic_count":0,"_bbp_total_reply_count":0,"_bbp_voice_count":0,"_bbp_anonymous_reply_count":0,"_bbp_topic_count_hidden":0,"_bbp_reply_count_hidden":0,"_bbp_forum_subforum_count":0,"footnotes":""},"categories":[15,128,1,138,4,5],"tags":[],"class_list":["post-11908","post","type-post","status-publish","format-standard","has-post-thumbnail","hentry","category-6e","category-comunitat-de-grans","category-general","category-notices-a-la-web","category-portada","category-primaria"],"post_mailing_queue_ids":[],"_links":{"self":[{"href":"https:\/\/agora.xtec.cat\/escolalavilapalamos\/wp-json\/wp\/v2\/posts\/11908","targetHints":{"allow":["GET"]}}],"collection":[{"href":"https:\/\/agora.xtec.cat\/escolalavilapalamos\/wp-json\/wp\/v2\/posts"}],"about":[{"href":"https:\/\/agora.xtec.cat\/escolalavilapalamos\/wp-json\/wp\/v2\/types\/post"}],"author":[{"embeddable":true,"href":"https:\/\/agora.xtec.cat\/escolalavilapalamos\/wp-json\/wp\/v2\/users\/132"}],"replies":[{"embeddable":true,"href":"https:\/\/agora.xtec.cat\/escolalavilapalamos\/wp-json\/wp\/v2\/comments?post=11908"}],"version-history":[{"count":1,"href":"https:\/\/agora.xtec.cat\/escolalavilapalamos\/wp-json\/wp\/v2\/posts\/11908\/revisions"}],"predecessor-version":[{"id":11910,"href":"https:\/\/agora.xtec.cat\/escolalavilapalamos\/wp-json\/wp\/v2\/posts\/11908\/revisions\/11910"}],"wp:featuredmedia":[{"embeddable":true,"href":"https:\/\/agora.xtec.cat\/escolalavilapalamos\/wp-json\/wp\/v2\/media\/11909"}],"wp:attachment":[{"href":"https:\/\/agora.xtec.cat\/escolalavilapalamos\/wp-json\/wp\/v2\/media?parent=11908"}],"wp:term":[{"taxonomy":"category","embeddable":true,"href":"https:\/\/agora.xtec.cat\/escolalavilapalamos\/wp-json\/wp\/v2\/categories?post=11908"},{"taxonomy":"post_tag","embeddable":true,"href":"https:\/\/agora.xtec.cat\/escolalavilapalamos\/wp-json\/wp\/v2\/tags?post=11908"}],"curies":[{"name":"wp","href":"https:\/\/api.w.org\/{rel}","templated":true}]}}