{"id":11837,"date":"2022-06-08T12:20:13","date_gmt":"2022-06-08T10:20:13","guid":{"rendered":"https:\/\/agora.xtec.cat\/escolalavilapalamos\/?p=11837"},"modified":"2022-06-13T12:55:06","modified_gmt":"2022-06-13T10:55:06","slug":"beques-deducacio-especial-2","status":"publish","type":"post","link":"https:\/\/agora.xtec.cat\/escolalavilapalamos\/general\/beques-deducacio-especial-2\/","title":{"rendered":"Beques d&#8217;educaci\u00f3 especial"},"content":{"rendered":"<p><a href=\"https:\/\/agora.xtec.cat\/escolalavilapalamos\/wp-content\/uploads\/usu897\/2021\/09\/beques_1.jpg\"><img loading=\"lazy\" decoding=\"async\" class=\"alignleft size-full wp-image-9843\" src=\"https:\/\/agora.xtec.cat\/escolalavilapalamos\/wp-content\/uploads\/usu897\/2021\/09\/beques_1.jpg\" alt=\"\" width=\"225\" height=\"225\" srcset=\"https:\/\/agora.xtec.cat\/escolalavilapalamos\/wp-content\/uploads\/usu897\/2021\/09\/beques_1.jpg 225w, https:\/\/agora.xtec.cat\/escolalavilapalamos\/wp-content\/uploads\/usu897\/2021\/09\/beques_1-150x150.jpg 150w\" sizes=\"auto, (max-width: 225px) 100vw, 225px\" \/><\/a>Us informem que el passat 18 de maig es va publicar l\u2019extracte de la Resoluci\u00f3 de 13 de maig de 2022, de la \u201cSecretaria de Estado de Educaci\u00f3n\u201d que convoca <strong>ajuts per a l\u2019alumnat amb necessitat\u00a0 espec\u00edfica de suport educatiu per al curs acad\u00e8mic 2022-2023.<\/strong><\/p>\n<p>D\u2019acord amb les bases de la convocat\u00f2ria,<strong> la sol\u00b7licitud es tramita\u00a0per via telem\u00e0tica. <\/strong>Per a la tramitaci\u00f3 de la sol\u00b7licitud, el\/la sol\u00b7licitant ha d\u2019entrar a la p\u00e0gina web\u00a0<a href=\"http:\/\/www.becaseducacion.gob.es\/\" data-saferedirecturl=\"https:\/\/www.google.com\/url?q=http:\/\/www.becaseducacion.gob.es&amp;source=gmail&amp;ust=1632469719461000&amp;usg=AFQjCNGNztdd2H5a909qTEXHqhBoN_KfUw\">www.becaseducacion.gob.es<\/a>,\u00a0donar-se d\u2019alta com a usuari\/\u00e0ria, omplir la sol\u00b7licitud i imprimir-la, a fi de signar tots els apartats. Despr\u00e9s l\u2019ha d\u2019entregar al centre escolar, junt amb la documentaci\u00f3 acreditativa necess\u00e0ria per completar la sol\u00b7licitud, la qual heu de comprovar que sigui correcta.<\/p>\n<p><strong><u>MOLT IMPORTANT (NOVETATS):<\/u><\/strong><\/p>\n<p><strong>Pel que fa al correu electr\u00f2nic<\/strong>, en cas que el sol\u00b7licitant o cap dels membres de la unitat familiar en disposi, cal que empleni l\u2019autoritzaci\u00f3 adjunta per enviar les comunicacions en el correu electr\u00f2nic del centre educatiu on est\u00e0 matriculat.<\/p>\n<p><strong>En cas que falti alguna dada o document, la beca ser\u00e0 retornada al centre educatiu perqu\u00e8 s\u2019acabi de completar.<\/strong><\/p>\n<p>TERMINI DE PRESENTACI\u00d3:<\/p>\n<p><strong>El termini de presentaci\u00f3 de les sol\u00b7licituds en el centre escolar per part del\/la sol\u00b7licitant, finalitza el 30 de setembre de 2022 (incl\u00f2s).<\/strong><\/p>\n","protected":false},"excerpt":{"rendered":"<p><a href=\"https:\/\/agora.xtec.cat\/escolalavilapalamos\/wp-content\/uploads\/usu897\/2021\/09\/beques_1.jpg\"><\/a>Us informem que el passat 18 de maig es va publicar l\u2019extracte de la Resoluci\u00f3 de 13 de maig de 2022, de la \u201cSecretaria de Estado de Educaci\u00f3n\u201d que convoca ajuts per a l\u2019alumnat amb necessitat\u00a0 espec\u00edfica de suport educatiu per al curs acad\u00e8mic&hellip;  <a href=\"https:\/\/agora.xtec.cat\/escolalavilapalamos\/general\/beques-deducacio-especial-2\/\" title=\"Read Beques d&#8217;educaci\u00f3 especial\">Llegeix m\u00e9s\u00bb<\/a><\/p>\n","protected":false},"author":1,"featured_media":9843,"comment_status":"open","ping_status":"closed","sticky":false,"template":"","format":"standard","meta":{"_bbp_topic_count":0,"_bbp_reply_count":0,"_bbp_total_topic_count":0,"_bbp_total_reply_count":0,"_bbp_voice_count":0,"_bbp_anonymous_reply_count":0,"_bbp_topic_count_hidden":0,"_bbp_reply_count_hidden":0,"_bbp_forum_subforum_count":0,"footnotes":""},"categories":[1,4],"tags":[],"class_list":["post-11837","post","type-post","status-publish","format-standard","has-post-thumbnail","hentry","category-general","category-portada"],"post_mailing_queue_ids":[],"_links":{"self":[{"href":"https:\/\/agora.xtec.cat\/escolalavilapalamos\/wp-json\/wp\/v2\/posts\/11837","targetHints":{"allow":["GET"]}}],"collection":[{"href":"https:\/\/agora.xtec.cat\/escolalavilapalamos\/wp-json\/wp\/v2\/posts"}],"about":[{"href":"https:\/\/agora.xtec.cat\/escolalavilapalamos\/wp-json\/wp\/v2\/types\/post"}],"author":[{"embeddable":true,"href":"https:\/\/agora.xtec.cat\/escolalavilapalamos\/wp-json\/wp\/v2\/users\/1"}],"replies":[{"embeddable":true,"href":"https:\/\/agora.xtec.cat\/escolalavilapalamos\/wp-json\/wp\/v2\/comments?post=11837"}],"version-history":[{"count":1,"href":"https:\/\/agora.xtec.cat\/escolalavilapalamos\/wp-json\/wp\/v2\/posts\/11837\/revisions"}],"predecessor-version":[{"id":11838,"href":"https:\/\/agora.xtec.cat\/escolalavilapalamos\/wp-json\/wp\/v2\/posts\/11837\/revisions\/11838"}],"wp:featuredmedia":[{"embeddable":true,"href":"https:\/\/agora.xtec.cat\/escolalavilapalamos\/wp-json\/wp\/v2\/media\/9843"}],"wp:attachment":[{"href":"https:\/\/agora.xtec.cat\/escolalavilapalamos\/wp-json\/wp\/v2\/media?parent=11837"}],"wp:term":[{"taxonomy":"category","embeddable":true,"href":"https:\/\/agora.xtec.cat\/escolalavilapalamos\/wp-json\/wp\/v2\/categories?post=11837"},{"taxonomy":"post_tag","embeddable":true,"href":"https:\/\/agora.xtec.cat\/escolalavilapalamos\/wp-json\/wp\/v2\/tags?post=11837"}],"curies":[{"name":"wp","href":"https:\/\/api.w.org\/{rel}","templated":true}]}}