{"id":11831,"date":"2022-06-08T10:25:36","date_gmt":"2022-06-08T08:25:36","guid":{"rendered":"https:\/\/agora.xtec.cat\/escolalavilapalamos\/?p=11831"},"modified":"2022-06-08T10:28:10","modified_gmt":"2022-06-08T08:28:10","slug":"la-recerca-el-tresor","status":"publish","type":"post","link":"https:\/\/agora.xtec.cat\/escolalavilapalamos\/portada\/la-recerca-el-tresor\/","title":{"rendered":"La recerca el tresor"},"content":{"rendered":"<header class=\"entry-header\"><\/header>\n<div class=\"entry-content\">\n<header class=\"archive-header\">\n<div class=\"archive-meta\">\n<p>Els nois i noies de 4t treballem l\u2019expressi\u00f3 escrita en catal\u00e0. Treballem molts tipus de textos. <strong>El mes de maig hem treballat el text instructiu.<\/strong> Vam aprendre a fer una recepta de cuina per saber com es fan unes instruccions. <img loading=\"lazy\" decoding=\"async\" class=\" wp-image-11696 alignright\" src=\"https:\/\/agora.xtec.cat\/escolalavilapalamos\/wp-content\/uploads\/usu897\/2022\/05\/IMG_20220524_155413-300x169.jpg\" alt=\"\" width=\"483\" height=\"272\" srcset=\"https:\/\/agora.xtec.cat\/escolalavilapalamos\/wp-content\/uploads\/usu897\/2022\/05\/IMG_20220524_155413-300x169.jpg 300w, https:\/\/agora.xtec.cat\/escolalavilapalamos\/wp-content\/uploads\/usu897\/2022\/05\/IMG_20220524_155413-1024x576.jpg 1024w, https:\/\/agora.xtec.cat\/escolalavilapalamos\/wp-content\/uploads\/usu897\/2022\/05\/IMG_20220524_155413-768x432.jpg 768w, https:\/\/agora.xtec.cat\/escolalavilapalamos\/wp-content\/uploads\/usu897\/2022\/05\/IMG_20220524_155413-1536x864.jpg 1536w, https:\/\/agora.xtec.cat\/escolalavilapalamos\/wp-content\/uploads\/usu897\/2022\/05\/IMG_20220524_155413-2048x1152.jpg 2048w\" sizes=\"auto, (max-width: 483px) 100vw, 483px\" \/><\/p>\n<p>Despr\u00e9s vam jugar a <strong>la recerca del tresor. <\/strong>El joc consistia en fer equips de quatre membres i amagar\u00a0 un tresor per qualsevol lloc de l&#8217;escola on es pogu\u00e9s enterrar sota terra: patis, jardineres, etc. L&#8217;objectiu del joc era saber fer unes instruccions per trobar el tresor i tamb\u00e9 saber dibuixar un mapa del tresor. Es van amargar 12 tresors entre els dos grups de 4t i es van fer 12 equips.<\/p>\n<p>Quan els grups van acabar d&#8217;escriure les instruccions i van acabar de dibuixar el mapa ja estevam preparats per iniciar la recerca del tresor. En el moment que vam trobar tots els tresors cadasc\u00fa va haver d&#8217;escriure a la web en qu\u00e8 havia consistit l&#8217;activitat i com havia anat a cadasc\u00fa.<\/p>\n<p>Podeu veure totes les fotos de l&#8217;activitat aqu\u00ed: <a href=\"https:\/\/photos.app.goo.gl\/2mEQutmyvj5fKtXr9\">La recerca del tresor<\/a><\/p>\n<p>Podeu veure tots els tresors aqu\u00ed: <a href=\"https:\/\/agora.xtec.cat\/escolalavilapalamos\/categoria\/la-recerca-del-tresor\/\">https:\/\/agora.xtec.cat\/escolalavilapalamos\/categoria\/la-recerca-del-tresor\/<\/a><\/p>\n<\/div>\n<\/header>\n<\/div>\n","protected":false},"excerpt":{"rendered":"<p>Els nois i noies de 4t treballem l\u2019expressi\u00f3 escrita en catal\u00e0. Treballem molts tipus de textos. El mes de maig hem treballat el text instructiu. Vam aprendre a fer una recepta de cuina per saber com es fan unes instruccions.<br \/>\nDespr\u00e9s vam jugar a la&hellip;  <a href=\"https:\/\/agora.xtec.cat\/escolalavilapalamos\/portada\/la-recerca-el-tresor\/\" title=\"Read La recerca el tresor\">Llegeix m\u00e9s\u00bb<\/a><\/p>\n","protected":false},"author":1,"featured_media":11692,"comment_status":"open","ping_status":"closed","sticky":false,"template":"","format":"standard","meta":{"_bbp_topic_count":0,"_bbp_reply_count":0,"_bbp_total_topic_count":0,"_bbp_total_reply_count":0,"_bbp_voice_count":0,"_bbp_anonymous_reply_count":0,"_bbp_topic_count_hidden":0,"_bbp_reply_count_hidden":0,"_bbp_forum_subforum_count":0,"footnotes":""},"categories":[128,147,4],"tags":[],"class_list":["post-11831","post","type-post","status-publish","format-standard","has-post-thumbnail","hentry","category-comunitat-de-grans","category-la-recerca-del-tresor","category-portada"],"post_mailing_queue_ids":[],"_links":{"self":[{"href":"https:\/\/agora.xtec.cat\/escolalavilapalamos\/wp-json\/wp\/v2\/posts\/11831","targetHints":{"allow":["GET"]}}],"collection":[{"href":"https:\/\/agora.xtec.cat\/escolalavilapalamos\/wp-json\/wp\/v2\/posts"}],"about":[{"href":"https:\/\/agora.xtec.cat\/escolalavilapalamos\/wp-json\/wp\/v2\/types\/post"}],"author":[{"embeddable":true,"href":"https:\/\/agora.xtec.cat\/escolalavilapalamos\/wp-json\/wp\/v2\/users\/1"}],"replies":[{"embeddable":true,"href":"https:\/\/agora.xtec.cat\/escolalavilapalamos\/wp-json\/wp\/v2\/comments?post=11831"}],"version-history":[{"count":3,"href":"https:\/\/agora.xtec.cat\/escolalavilapalamos\/wp-json\/wp\/v2\/posts\/11831\/revisions"}],"predecessor-version":[{"id":11835,"href":"https:\/\/agora.xtec.cat\/escolalavilapalamos\/wp-json\/wp\/v2\/posts\/11831\/revisions\/11835"}],"wp:featuredmedia":[{"embeddable":true,"href":"https:\/\/agora.xtec.cat\/escolalavilapalamos\/wp-json\/wp\/v2\/media\/11692"}],"wp:attachment":[{"href":"https:\/\/agora.xtec.cat\/escolalavilapalamos\/wp-json\/wp\/v2\/media?parent=11831"}],"wp:term":[{"taxonomy":"category","embeddable":true,"href":"https:\/\/agora.xtec.cat\/escolalavilapalamos\/wp-json\/wp\/v2\/categories?post=11831"},{"taxonomy":"post_tag","embeddable":true,"href":"https:\/\/agora.xtec.cat\/escolalavilapalamos\/wp-json\/wp\/v2\/tags?post=11831"}],"curies":[{"name":"wp","href":"https:\/\/api.w.org\/{rel}","templated":true}]}}