{"id":11795,"date":"2022-06-03T14:57:34","date_gmt":"2022-06-03T12:57:34","guid":{"rendered":"https:\/\/agora.xtec.cat\/escolalavilapalamos\/?p=11795"},"modified":"2022-06-03T14:57:34","modified_gmt":"2022-06-03T12:57:34","slug":"a-6e-hem-finalitzat-el-curs-de-vela-escorlar-21-22","status":"publish","type":"post","link":"https:\/\/agora.xtec.cat\/escolalavilapalamos\/general\/a-6e-hem-finalitzat-el-curs-de-vela-escorlar-21-22\/","title":{"rendered":"A 6\u00e8 hem finalitzat el curs de vela escorlar 21-22!"},"content":{"rendered":"<p>L\u2019alumnat de 6\u00e8 de prim\u00e0ria ha finalitzat el curs de Vela Escolar 21-22, en aquestes 11 sessions han aprofundit sobre aquest esport n\u00e0utic tant lligat amb el nostre poble. Han realitzat sessions pr\u00e0ctiques que ens han servit per a treballar de forma cooperativa i tamb\u00e9 un treball te\u00f2ric sobre tem\u00e0tiques diverses, com per exemple, els perjudicis del pl\u00e0stic en els nostres mars i oceans, animals marins en perill d\u2019extinci\u00f3, els usos del port de Palam\u00f3s, etc. El curs culminar\u00e0 amb la regata interescolar que es dur\u00e0 a terme el dissabte 18 de juny al mat\u00ed, en els propers dies es comunicar\u00e0 als alumnes de 6\u00e8 seleccionats.<\/p>\n<p><a href=\"https:\/\/agora.xtec.cat\/escolalavilapalamos\/wp-content\/uploads\/usu897\/2022\/06\/IMG_20220328_152148-scaled.jpg\"><img loading=\"lazy\" decoding=\"async\" class=\"wp-image-11796 aligncenter\" src=\"https:\/\/agora.xtec.cat\/escolalavilapalamos\/wp-content\/uploads\/usu897\/2022\/06\/IMG_20220328_152148-1024x768.jpg\" alt=\"\" width=\"411\" height=\"309\" srcset=\"https:\/\/agora.xtec.cat\/escolalavilapalamos\/wp-content\/uploads\/usu897\/2022\/06\/IMG_20220328_152148-1024x768.jpg 1024w, https:\/\/agora.xtec.cat\/escolalavilapalamos\/wp-content\/uploads\/usu897\/2022\/06\/IMG_20220328_152148-300x225.jpg 300w, https:\/\/agora.xtec.cat\/escolalavilapalamos\/wp-content\/uploads\/usu897\/2022\/06\/IMG_20220328_152148-768x576.jpg 768w, https:\/\/agora.xtec.cat\/escolalavilapalamos\/wp-content\/uploads\/usu897\/2022\/06\/IMG_20220328_152148-1536x1152.jpg 1536w, https:\/\/agora.xtec.cat\/escolalavilapalamos\/wp-content\/uploads\/usu897\/2022\/06\/IMG_20220328_152148-2048x1536.jpg 2048w, https:\/\/agora.xtec.cat\/escolalavilapalamos\/wp-content\/uploads\/usu897\/2022\/06\/IMG_20220328_152148-200x150.jpg 200w\" sizes=\"auto, (max-width: 411px) 100vw, 411px\" \/><\/a><\/p>\n","protected":false},"excerpt":{"rendered":"<p>L\u2019alumnat de 6\u00e8 de prim\u00e0ria ha finalitzat el curs de Vela Escolar 21-22, en aquestes 11 sessions han aprofundit sobre aquest esport n\u00e0utic tant lligat amb el nostre poble. Han realitzat sessions pr\u00e0ctiques que ens han servit per a treballar de forma cooperativa i tamb\u00e9&hellip;  <a href=\"https:\/\/agora.xtec.cat\/escolalavilapalamos\/general\/a-6e-hem-finalitzat-el-curs-de-vela-escorlar-21-22\/\" title=\"Read A 6\u00e8 hem finalitzat el curs de vela escorlar 21-22!\">Llegeix m\u00e9s\u00bb<\/a><\/p>\n","protected":false},"author":167,"featured_media":11796,"comment_status":"open","ping_status":"closed","sticky":false,"template":"","format":"standard","meta":{"_bbp_topic_count":0,"_bbp_reply_count":0,"_bbp_total_topic_count":0,"_bbp_total_reply_count":0,"_bbp_voice_count":0,"_bbp_anonymous_reply_count":0,"_bbp_topic_count_hidden":0,"_bbp_reply_count_hidden":0,"_bbp_forum_subforum_count":0,"footnotes":""},"categories":[128,70,67,1,4,5],"tags":[],"class_list":["post-11795","post","type-post","status-publish","format-standard","has-post-thumbnail","hentry","category-comunitat-de-grans","category-efi","category-especialistes","category-general","category-portada","category-primaria"],"post_mailing_queue_ids":[],"_links":{"self":[{"href":"https:\/\/agora.xtec.cat\/escolalavilapalamos\/wp-json\/wp\/v2\/posts\/11795","targetHints":{"allow":["GET"]}}],"collection":[{"href":"https:\/\/agora.xtec.cat\/escolalavilapalamos\/wp-json\/wp\/v2\/posts"}],"about":[{"href":"https:\/\/agora.xtec.cat\/escolalavilapalamos\/wp-json\/wp\/v2\/types\/post"}],"author":[{"embeddable":true,"href":"https:\/\/agora.xtec.cat\/escolalavilapalamos\/wp-json\/wp\/v2\/users\/167"}],"replies":[{"embeddable":true,"href":"https:\/\/agora.xtec.cat\/escolalavilapalamos\/wp-json\/wp\/v2\/comments?post=11795"}],"version-history":[{"count":1,"href":"https:\/\/agora.xtec.cat\/escolalavilapalamos\/wp-json\/wp\/v2\/posts\/11795\/revisions"}],"predecessor-version":[{"id":11797,"href":"https:\/\/agora.xtec.cat\/escolalavilapalamos\/wp-json\/wp\/v2\/posts\/11795\/revisions\/11797"}],"wp:featuredmedia":[{"embeddable":true,"href":"https:\/\/agora.xtec.cat\/escolalavilapalamos\/wp-json\/wp\/v2\/media\/11796"}],"wp:attachment":[{"href":"https:\/\/agora.xtec.cat\/escolalavilapalamos\/wp-json\/wp\/v2\/media?parent=11795"}],"wp:term":[{"taxonomy":"category","embeddable":true,"href":"https:\/\/agora.xtec.cat\/escolalavilapalamos\/wp-json\/wp\/v2\/categories?post=11795"},{"taxonomy":"post_tag","embeddable":true,"href":"https:\/\/agora.xtec.cat\/escolalavilapalamos\/wp-json\/wp\/v2\/tags?post=11795"}],"curies":[{"name":"wp","href":"https:\/\/api.w.org\/{rel}","templated":true}]}}