{"id":11788,"date":"2022-06-03T10:20:32","date_gmt":"2022-06-03T08:20:32","guid":{"rendered":"https:\/\/agora.xtec.cat\/escolalavilapalamos\/?p=11788"},"modified":"2022-06-03T10:20:32","modified_gmt":"2022-06-03T08:20:32","slug":"5e-actrius-i-actors-la-batuta-de-john-williams","status":"publish","type":"post","link":"https:\/\/agora.xtec.cat\/escolalavilapalamos\/general\/5e-actrius-i-actors-la-batuta-de-john-williams\/","title":{"rendered":"5\u00e8 Actrius i Actors! La batuta de John Williams"},"content":{"rendered":"<p>El dia 27 de maig a La Gorga tots els nens i nenes de 5\u00e8 varen rebre el reconeixement a un bon treball realitzat durant tot el curs en teatre musical. Ho hem passat b\u00e9 i hem apr\u00e8s coses molt importants que es treballen dins el teatre. Deixem aqu\u00ed l&#8217;obra &#8220;La batuta de John Williams&#8221;.<\/p>\n<p><iframe loading=\"lazy\" title=\"La batuta de John Williams\" width=\"500\" height=\"281\" src=\"https:\/\/www.youtube.com\/embed\/r_pd7KDgYq8?feature=oembed\" frameborder=\"0\" allow=\"accelerometer; autoplay; clipboard-write; encrypted-media; gyroscope; picture-in-picture; web-share\" referrerpolicy=\"strict-origin-when-cross-origin\" allowfullscreen><\/iframe><\/p>\n","protected":false},"excerpt":{"rendered":"<p>El dia 27 de maig a La Gorga tots els nens i nenes de 5\u00e8 varen rebre el reconeixement a un bon treball realitzat durant tot el curs en teatre musical. Ho hem passat b\u00e9 i hem apr\u00e8s coses molt importants que es treballen dins&hellip;  <a href=\"https:\/\/agora.xtec.cat\/escolalavilapalamos\/general\/5e-actrius-i-actors-la-batuta-de-john-williams\/\" title=\"Read 5\u00e8 Actrius i Actors! La batuta de John Williams\">Llegeix m\u00e9s\u00bb<\/a><\/p>\n","protected":false},"author":5,"featured_media":11792,"comment_status":"open","ping_status":"closed","sticky":false,"template":"","format":"standard","meta":{"_bbp_topic_count":0,"_bbp_reply_count":0,"_bbp_total_topic_count":0,"_bbp_total_reply_count":0,"_bbp_voice_count":0,"_bbp_anonymous_reply_count":0,"_bbp_topic_count_hidden":0,"_bbp_reply_count_hidden":0,"_bbp_forum_subforum_count":0,"footnotes":""},"categories":[128,1,68,4],"tags":[],"class_list":["post-11788","post","type-post","status-publish","format-standard","has-post-thumbnail","hentry","category-comunitat-de-grans","category-general","category-musica","category-portada"],"post_mailing_queue_ids":[],"_links":{"self":[{"href":"https:\/\/agora.xtec.cat\/escolalavilapalamos\/wp-json\/wp\/v2\/posts\/11788","targetHints":{"allow":["GET"]}}],"collection":[{"href":"https:\/\/agora.xtec.cat\/escolalavilapalamos\/wp-json\/wp\/v2\/posts"}],"about":[{"href":"https:\/\/agora.xtec.cat\/escolalavilapalamos\/wp-json\/wp\/v2\/types\/post"}],"author":[{"embeddable":true,"href":"https:\/\/agora.xtec.cat\/escolalavilapalamos\/wp-json\/wp\/v2\/users\/5"}],"replies":[{"embeddable":true,"href":"https:\/\/agora.xtec.cat\/escolalavilapalamos\/wp-json\/wp\/v2\/comments?post=11788"}],"version-history":[{"count":2,"href":"https:\/\/agora.xtec.cat\/escolalavilapalamos\/wp-json\/wp\/v2\/posts\/11788\/revisions"}],"predecessor-version":[{"id":11793,"href":"https:\/\/agora.xtec.cat\/escolalavilapalamos\/wp-json\/wp\/v2\/posts\/11788\/revisions\/11793"}],"wp:featuredmedia":[{"embeddable":true,"href":"https:\/\/agora.xtec.cat\/escolalavilapalamos\/wp-json\/wp\/v2\/media\/11792"}],"wp:attachment":[{"href":"https:\/\/agora.xtec.cat\/escolalavilapalamos\/wp-json\/wp\/v2\/media?parent=11788"}],"wp:term":[{"taxonomy":"category","embeddable":true,"href":"https:\/\/agora.xtec.cat\/escolalavilapalamos\/wp-json\/wp\/v2\/categories?post=11788"},{"taxonomy":"post_tag","embeddable":true,"href":"https:\/\/agora.xtec.cat\/escolalavilapalamos\/wp-json\/wp\/v2\/tags?post=11788"}],"curies":[{"name":"wp","href":"https:\/\/api.w.org\/{rel}","templated":true}]}}