{"id":11786,"date":"2022-06-03T10:26:50","date_gmt":"2022-06-03T08:26:50","guid":{"rendered":"https:\/\/agora.xtec.cat\/escolalavilapalamos\/?p=11786"},"modified":"2022-06-03T10:26:50","modified_gmt":"2022-06-03T08:26:50","slug":"hem-fet-dansa-a-2n","status":"publish","type":"post","link":"https:\/\/agora.xtec.cat\/escolalavilapalamos\/general\/hem-fet-dansa-a-2n\/","title":{"rendered":"Hem fet dansa a 2n"},"content":{"rendered":"<p><iframe loading=\"lazy\" title=\"Hem fet dansa a 2n\" width=\"500\" height=\"281\" src=\"https:\/\/www.youtube.com\/embed\/j3DaKQqvXPc?feature=oembed\" frameborder=\"0\" allow=\"accelerometer; autoplay; clipboard-write; encrypted-media; gyroscope; picture-in-picture; web-share\" referrerpolicy=\"strict-origin-when-cross-origin\" allowfullscreen><\/iframe><\/p>\n<p>Hem sortit als porxos aprofitant la bona temperatura per fer expressi\u00f3 corporal de dansa amb el tema &#8220;Tumbai tumbai&#8221;. Ha sigut un bon treball d&#8217;equip i de coordinaci\u00f3. Hem gaudit molt de la m\u00fasica aquest curs!<\/p>\n","protected":false},"excerpt":{"rendered":"<p>Hem sortit als porxos aprofitant la bona temperatura per fer expressi\u00f3 corporal de dansa amb el tema &#8220;Tumbai tumbai&#8221;. Ha sigut un bon treball d&#8217;equip i de coordinaci\u00f3. Hem gaudit molt de la m\u00fasica aquest curs!<\/p>\n","protected":false},"author":5,"featured_media":11794,"comment_status":"open","ping_status":"closed","sticky":false,"template":"","format":"standard","meta":{"_bbp_topic_count":0,"_bbp_reply_count":0,"_bbp_total_topic_count":0,"_bbp_total_reply_count":0,"_bbp_voice_count":0,"_bbp_anonymous_reply_count":0,"_bbp_topic_count_hidden":0,"_bbp_reply_count_hidden":0,"_bbp_forum_subforum_count":0,"footnotes":""},"categories":[127,1,4],"tags":[],"class_list":["post-11786","post","type-post","status-publish","format-standard","has-post-thumbnail","hentry","category-comunitat-de-mitjans","category-general","category-portada"],"post_mailing_queue_ids":[],"_links":{"self":[{"href":"https:\/\/agora.xtec.cat\/escolalavilapalamos\/wp-json\/wp\/v2\/posts\/11786","targetHints":{"allow":["GET"]}}],"collection":[{"href":"https:\/\/agora.xtec.cat\/escolalavilapalamos\/wp-json\/wp\/v2\/posts"}],"about":[{"href":"https:\/\/agora.xtec.cat\/escolalavilapalamos\/wp-json\/wp\/v2\/types\/post"}],"author":[{"embeddable":true,"href":"https:\/\/agora.xtec.cat\/escolalavilapalamos\/wp-json\/wp\/v2\/users\/5"}],"replies":[{"embeddable":true,"href":"https:\/\/agora.xtec.cat\/escolalavilapalamos\/wp-json\/wp\/v2\/comments?post=11786"}],"version-history":[{"count":1,"href":"https:\/\/agora.xtec.cat\/escolalavilapalamos\/wp-json\/wp\/v2\/posts\/11786\/revisions"}],"predecessor-version":[{"id":11787,"href":"https:\/\/agora.xtec.cat\/escolalavilapalamos\/wp-json\/wp\/v2\/posts\/11786\/revisions\/11787"}],"wp:featuredmedia":[{"embeddable":true,"href":"https:\/\/agora.xtec.cat\/escolalavilapalamos\/wp-json\/wp\/v2\/media\/11794"}],"wp:attachment":[{"href":"https:\/\/agora.xtec.cat\/escolalavilapalamos\/wp-json\/wp\/v2\/media?parent=11786"}],"wp:term":[{"taxonomy":"category","embeddable":true,"href":"https:\/\/agora.xtec.cat\/escolalavilapalamos\/wp-json\/wp\/v2\/categories?post=11786"},{"taxonomy":"post_tag","embeddable":true,"href":"https:\/\/agora.xtec.cat\/escolalavilapalamos\/wp-json\/wp\/v2\/tags?post=11786"}],"curies":[{"name":"wp","href":"https:\/\/api.w.org\/{rel}","templated":true}]}}