{"id":11747,"date":"2022-06-07T11:29:18","date_gmt":"2022-06-07T09:29:18","guid":{"rendered":"https:\/\/agora.xtec.cat\/escolalavilapalamos\/?p=11747"},"modified":"2022-06-07T12:57:03","modified_gmt":"2022-06-07T10:57:03","slug":"titelles-a-p4","status":"publish","type":"post","link":"https:\/\/agora.xtec.cat\/escolalavilapalamos\/general\/titelles-a-p4\/","title":{"rendered":"Titelles a P4"},"content":{"rendered":"<p style=\"text-align: justify;\"><a href=\"https:\/\/photos.app.goo.gl\/rSnThozkFPi5ncjC6\"><img loading=\"lazy\" decoding=\"async\" class=\"wp-image-11748 alignright\" src=\"https:\/\/agora.xtec.cat\/escolalavilapalamos\/wp-content\/uploads\/usu897\/2022\/06\/IMG20220602085807-scaled.jpg\" alt=\"\" width=\"302\" height=\"403\" srcset=\"https:\/\/agora.xtec.cat\/escolalavilapalamos\/wp-content\/uploads\/usu897\/2022\/06\/IMG20220602085807-scaled.jpg 1920w, https:\/\/agora.xtec.cat\/escolalavilapalamos\/wp-content\/uploads\/usu897\/2022\/06\/IMG20220602085807-225x300.jpg 225w, https:\/\/agora.xtec.cat\/escolalavilapalamos\/wp-content\/uploads\/usu897\/2022\/06\/IMG20220602085807-768x1024.jpg 768w, https:\/\/agora.xtec.cat\/escolalavilapalamos\/wp-content\/uploads\/usu897\/2022\/06\/IMG20220602085807-1152x1536.jpg 1152w, https:\/\/agora.xtec.cat\/escolalavilapalamos\/wp-content\/uploads\/usu897\/2022\/06\/IMG20220602085807-1536x2048.jpg 1536w\" sizes=\"auto, (max-width: 302px) 100vw, 302px\" \/><\/a>El teatre de titelles rep la consideraci\u00f3 d&#8217;eina educativa a tots els nivells escolars.\u00a0 El divendres per concloure aquest curs, els\/les nens\/es de P4 hem gaudit de 2 personatges entranyables com s\u00f3n en &#8220;Jepet&#8221; i en\u00a0 &#8220;Tomeu&#8221;. Ens han portat a la granja de nou amb unes can\u00e7ons ben divertides.<\/p>\n<p style=\"text-align: justify;\">Hem gaudit d&#8217;una bona estona!!<\/p>\n<p style=\"text-align: justify;\">Molt\u00edssimes gr\u00e0cies a en Llu\u00eds per fer-ho possible.<\/p>\n<p>Cliqueu a la imatge per veure el recull de fotos.<\/p>\n","protected":false},"excerpt":{"rendered":"<p><a href=\"https:\/\/photos.app.goo.gl\/rSnThozkFPi5ncjC6\"><\/a>El teatre de titelles rep la consideraci\u00f3 d&#8217;eina educativa a tots els nivells escolars.\u00a0 El divendres per concloure aquest curs, els\/les nens\/es de P4 hem gaudit de 2 personatges entranyables com s\u00f3n en &#8220;Jepet&#8221; i en\u00a0 &#8220;Tomeu&#8221;. Ens han portat a la granja de&hellip;  <a href=\"https:\/\/agora.xtec.cat\/escolalavilapalamos\/general\/titelles-a-p4\/\" title=\"Read Titelles a P4\">Llegeix m\u00e9s\u00bb<\/a><\/p>\n","protected":false},"author":128,"featured_media":11748,"comment_status":"open","ping_status":"closed","sticky":false,"template":"","format":"standard","meta":{"_bbp_topic_count":0,"_bbp_reply_count":0,"_bbp_total_topic_count":0,"_bbp_total_reply_count":0,"_bbp_voice_count":0,"_bbp_anonymous_reply_count":0,"_bbp_topic_count_hidden":0,"_bbp_reply_count_hidden":0,"_bbp_forum_subforum_count":0,"footnotes":""},"categories":[2,1,4],"tags":[],"class_list":["post-11747","post","type-post","status-publish","format-standard","has-post-thumbnail","hentry","category-infantil","category-general","category-portada"],"post_mailing_queue_ids":[],"_links":{"self":[{"href":"https:\/\/agora.xtec.cat\/escolalavilapalamos\/wp-json\/wp\/v2\/posts\/11747","targetHints":{"allow":["GET"]}}],"collection":[{"href":"https:\/\/agora.xtec.cat\/escolalavilapalamos\/wp-json\/wp\/v2\/posts"}],"about":[{"href":"https:\/\/agora.xtec.cat\/escolalavilapalamos\/wp-json\/wp\/v2\/types\/post"}],"author":[{"embeddable":true,"href":"https:\/\/agora.xtec.cat\/escolalavilapalamos\/wp-json\/wp\/v2\/users\/128"}],"replies":[{"embeddable":true,"href":"https:\/\/agora.xtec.cat\/escolalavilapalamos\/wp-json\/wp\/v2\/comments?post=11747"}],"version-history":[{"count":3,"href":"https:\/\/agora.xtec.cat\/escolalavilapalamos\/wp-json\/wp\/v2\/posts\/11747\/revisions"}],"predecessor-version":[{"id":11819,"href":"https:\/\/agora.xtec.cat\/escolalavilapalamos\/wp-json\/wp\/v2\/posts\/11747\/revisions\/11819"}],"wp:featuredmedia":[{"embeddable":true,"href":"https:\/\/agora.xtec.cat\/escolalavilapalamos\/wp-json\/wp\/v2\/media\/11748"}],"wp:attachment":[{"href":"https:\/\/agora.xtec.cat\/escolalavilapalamos\/wp-json\/wp\/v2\/media?parent=11747"}],"wp:term":[{"taxonomy":"category","embeddable":true,"href":"https:\/\/agora.xtec.cat\/escolalavilapalamos\/wp-json\/wp\/v2\/categories?post=11747"},{"taxonomy":"post_tag","embeddable":true,"href":"https:\/\/agora.xtec.cat\/escolalavilapalamos\/wp-json\/wp\/v2\/tags?post=11747"}],"curies":[{"name":"wp","href":"https:\/\/api.w.org\/{rel}","templated":true}]}}