{"id":11734,"date":"2022-05-06T17:20:28","date_gmt":"2022-05-06T15:20:28","guid":{"rendered":"https:\/\/agora.xtec.cat\/escolalavilapalamos\/?p=11734"},"modified":"2022-06-01T17:22:15","modified_gmt":"2022-06-01T15:22:15","slug":"anem-a-la-gorga-a-veure-dansa-5","status":"publish","type":"post","link":"https:\/\/agora.xtec.cat\/escolalavilapalamos\/general\/anem-a-la-gorga-a-veure-dansa-5\/","title":{"rendered":"Anem a la Gorga a veure dansa"},"content":{"rendered":"<p><img loading=\"lazy\" decoding=\"async\" class=\"wp-image-11745  alignright\" src=\"https:\/\/agora.xtec.cat\/escolalavilapalamos\/wp-content\/uploads\/usu897\/2022\/06\/amarillo-web-en.jpg\" alt=\"\" width=\"557\" height=\"293\" srcset=\"https:\/\/agora.xtec.cat\/escolalavilapalamos\/wp-content\/uploads\/usu897\/2022\/06\/amarillo-web-en.jpg 1140w, https:\/\/agora.xtec.cat\/escolalavilapalamos\/wp-content\/uploads\/usu897\/2022\/06\/amarillo-web-en-300x158.jpg 300w, https:\/\/agora.xtec.cat\/escolalavilapalamos\/wp-content\/uploads\/usu897\/2022\/06\/amarillo-web-en-1024x539.jpg 1024w, https:\/\/agora.xtec.cat\/escolalavilapalamos\/wp-content\/uploads\/usu897\/2022\/06\/amarillo-web-en-768x404.jpg 768w\" sizes=\"auto, (max-width: 557px) 100vw, 557px\" \/>Aquesta setmana els nens i nenes de Prim\u00e0ria anem al <strong>Teatre la Gorga<\/strong> a veure dansa.<\/p>\n<p><strong>Dilluns 9 de maig<\/strong> al mat\u00ed, els nens i nenes de P3, P4 i P5 anem a veure l&#8217;obra <strong>Alma <\/strong>de la companyia <strong>LaB\u00fa<\/strong>. <a href=\"https:\/\/youtu.be\/sP-WnvsQvSo\">Podeu veure una mostra de l&#8217;espectacle clicant l&#8217;enlla\u00e7<\/a>. <a href=\"https:\/\/drive.google.com\/file\/d\/1jyMW4nyyVgVnK_X9VU9mSTPUT6bLBZ6w\/view?usp=sharing\">Fitxa t\u00e8cnica de l&#8217;obra.<\/a><\/p>\n<p><strong>Dimecres 11 de maig <\/strong>al mat\u00ed, 5\u00e8 i 6\u00e8 anem a veure tamb\u00e9 l&#8217;obra <strong>El meu pr\u00edncep blau<\/strong> de la companyia <strong>El Ballet Imperial de Reina Rosamunda<\/strong>. <a href=\"https:\/\/vimeo.com\/235009239\">Podeu veure una mostra de l&#8217;espectacle clicant l&#8217;enlla\u00e7<\/a>. <a href=\"https:\/\/drive.google.com\/file\/d\/1peaGM7tlewyp-1DzDMurqm38vB7sPCUp\/view?usp=sharing\">Fitxa t\u00e8cnica de l&#8217;obra<\/a>.<\/p>\n<p><strong>Dimarts 17 de maig<\/strong> al mat\u00ed, 1r i 2n anem a veure l&#8217;obra <strong>Kl\u00e9 <\/strong>de la companyia <strong>Addaura<\/strong>. <a href=\"https:\/\/youtu.be\/pToItcY8Y18\">Podeu veure una mostra de l&#8217;espectacle clicant l&#8217;enlla\u00e7<\/a>. <a href=\"https:\/\/drive.google.com\/file\/d\/1XKZwD4L0H1yh27lv2nJFNVJuGoQY1Kyv\/view?usp=sharing\">Fitxa t\u00e8cnica de l&#8217;obra<\/a>.<\/p>\n<p><strong>Dijous 19 de maig <\/strong>al mat\u00ed 3r i 4t anem a veure l&#8217;obra <strong>Mira Mir\u00f3<\/strong> de la companyia<strong> Baal<\/strong>. <a href=\"https:\/\/youtu.be\/Mi2IWfvULbU\">Podeu veure una mostra de l&#8217;espectacle clicant l&#8217;enlla\u00e7<\/a>. <a href=\"https:\/\/drive.google.com\/file\/d\/12IkgrIKIOlRwTZoXGKuWZvjb1qiAiu7d\/view?usp=sharing\">Fitxa t\u00e8cnica de l&#8217;obra.<\/a><\/p>\n<p>Tamb\u00e9 podeu consultar les fitxes t\u00e8cniques de les obres de teatre per con\u00e8ixer millor la companyia i els artistes.<\/p>\n","protected":false},"excerpt":{"rendered":"<p>Aquesta setmana els nens i nenes de Prim\u00e0ria anem al Teatre la Gorga a veure dansa.<br \/>\nDilluns 9 de maig al mat\u00ed, els nens i nenes de P3, P4 i P5 anem a veure l&#8217;obra Alma de la companyia LaB\u00fa. <a href=\"https:\/\/youtu.be\/sP-WnvsQvSo\">Podeu veure una mostra de&hellip;  <a href=\"https:\/\/agora.xtec.cat\/escolalavilapalamos\/general\/anem-a-la-gorga-a-veure-dansa-5\/\" title=\"Read Anem a la Gorga a veure dansa\">Llegeix m\u00e9s\u00bb<\/a><\/p>\n","protected":false},"author":1,"featured_media":11745,"comment_status":"open","ping_status":"closed","sticky":false,"template":"","format":"standard","meta":{"_bbp_topic_count":0,"_bbp_reply_count":0,"_bbp_total_topic_count":0,"_bbp_total_reply_count":0,"_bbp_voice_count":0,"_bbp_anonymous_reply_count":0,"_bbp_topic_count_hidden":0,"_bbp_reply_count_hidden":0,"_bbp_forum_subforum_count":0,"footnotes":""},"categories":[128,127,2,1,4],"tags":[],"class_list":["post-11734","post","type-post","status-publish","format-standard","has-post-thumbnail","hentry","category-comunitat-de-grans","category-comunitat-de-mitjans","category-infantil","category-general","category-portada"],"post_mailing_queue_ids":[],"_links":{"self":[{"href":"https:\/\/agora.xtec.cat\/escolalavilapalamos\/wp-json\/wp\/v2\/posts\/11734","targetHints":{"allow":["GET"]}}],"collection":[{"href":"https:\/\/agora.xtec.cat\/escolalavilapalamos\/wp-json\/wp\/v2\/posts"}],"about":[{"href":"https:\/\/agora.xtec.cat\/escolalavilapalamos\/wp-json\/wp\/v2\/types\/post"}],"author":[{"embeddable":true,"href":"https:\/\/agora.xtec.cat\/escolalavilapalamos\/wp-json\/wp\/v2\/users\/1"}],"replies":[{"embeddable":true,"href":"https:\/\/agora.xtec.cat\/escolalavilapalamos\/wp-json\/wp\/v2\/comments?post=11734"}],"version-history":[{"count":3,"href":"https:\/\/agora.xtec.cat\/escolalavilapalamos\/wp-json\/wp\/v2\/posts\/11734\/revisions"}],"predecessor-version":[{"id":11746,"href":"https:\/\/agora.xtec.cat\/escolalavilapalamos\/wp-json\/wp\/v2\/posts\/11734\/revisions\/11746"}],"wp:featuredmedia":[{"embeddable":true,"href":"https:\/\/agora.xtec.cat\/escolalavilapalamos\/wp-json\/wp\/v2\/media\/11745"}],"wp:attachment":[{"href":"https:\/\/agora.xtec.cat\/escolalavilapalamos\/wp-json\/wp\/v2\/media?parent=11734"}],"wp:term":[{"taxonomy":"category","embeddable":true,"href":"https:\/\/agora.xtec.cat\/escolalavilapalamos\/wp-json\/wp\/v2\/categories?post=11734"},{"taxonomy":"post_tag","embeddable":true,"href":"https:\/\/agora.xtec.cat\/escolalavilapalamos\/wp-json\/wp\/v2\/tags?post=11734"}],"curies":[{"name":"wp","href":"https:\/\/api.w.org\/{rel}","templated":true}]}}