{"id":11689,"date":"2022-06-01T11:18:53","date_gmt":"2022-06-01T09:18:53","guid":{"rendered":"https:\/\/agora.xtec.cat\/escolalavilapalamos\/?p=11689"},"modified":"2022-06-03T10:15:10","modified_gmt":"2022-06-03T08:15:10","slug":"que-es-un-repte-cooperatiu","status":"publish","type":"post","link":"https:\/\/agora.xtec.cat\/escolalavilapalamos\/general\/que-es-un-repte-cooperatiu\/","title":{"rendered":"Qu\u00e8 \u00e9s un repte cooperatiu?"},"content":{"rendered":"<p><span style=\"font-weight: 400;\"><img loading=\"lazy\" decoding=\"async\" class=\"wp-image-11729 alignright\" src=\"https:\/\/agora.xtec.cat\/escolalavilapalamos\/wp-content\/uploads\/usu897\/2022\/06\/IMG_20211112_112900.jpg\" alt=\"\" width=\"351\" height=\"379\" srcset=\"https:\/\/agora.xtec.cat\/escolalavilapalamos\/wp-content\/uploads\/usu897\/2022\/06\/IMG_20211112_112900.jpg 678w, https:\/\/agora.xtec.cat\/escolalavilapalamos\/wp-content\/uploads\/usu897\/2022\/06\/IMG_20211112_112900-277x300.jpg 277w\" sizes=\"auto, (max-width: 351px) 100vw, 351px\" \/>Aquest curs els alumnes de 3r hem treballat dins un projecte cooperatiu d&#8217;\u00e0mbit educatiu anomenat<\/span><b> \u201cFormigues cooperatives\u201d<\/b><span style=\"font-weight: 400;\">. En aquest projecte els alumnes de les escoles de Catalunya despr\u00e9s d&#8217;experimentar reptes cooperatius a la classe d&#8217;educaci\u00f3 f\u00edsica n&#8217;inventen de nous, els comparteixen amb altres escoles de manera telem\u00e0tica a trav\u00e9s d\u2019un espai web, els proven, els milloren i fan una valoraci\u00f3.\u00a0<\/span><\/p>\n<h2><span style=\"font-weight: 400;\">Per\u00f2 \u2026 qu\u00e8 \u00e9s un repte cooperatiu?<\/span><\/h2>\n<p><span style=\"font-weight: 400;\">Un repte nom\u00e9s es pot superar amb la participaci\u00f3 activa de tots els membres del grup, si nom\u00e9s el pot aconseguir una part del grup, ja no \u00e9s cooperatiu. Hi ha d\u2019haver un objectiu clar a aconseguir i un element motivador (temps, dist\u00e0ncia, punts, limitacions d\u2019espai, normes\u2026) i ha de ser adequat a l\u2019edat.<\/span><\/p>\n<p><span style=\"font-weight: 400;\">El projecte s\u2019ha dut a terme en dos fases, una on s\u2019ha desenvolupat una unitat de programaci\u00f3 per introduir els reptes i una segona on els alumnes aprenen a inventar nous reptes i despr\u00e9s els intercanvien a l\u2019espai virtual i es posen en pr\u00e0ctica.<\/span><\/p>\n<p><span style=\"font-weight: 400;\">No us perdeu les fotografies <a href=\"https:\/\/photos.app.goo.gl\/mU8PQPtGZAurUfWx6\">aqu\u00ed.<\/a><\/span><\/p>\n<p>&nbsp;<\/p>\n","protected":false},"excerpt":{"rendered":"<p>Aquest curs els alumnes de 3r hem treballat dins un projecte cooperatiu d&#8217;\u00e0mbit educatiu anomenat \u201cFormigues cooperatives\u201d. En aquest projecte els alumnes de les escoles de Catalunya despr\u00e9s d&#8217;experimentar reptes cooperatius a la classe d&#8217;educaci\u00f3 f\u00edsica n&#8217;inventen de nous, els comparteixen amb altres escoles de&hellip;  <a href=\"https:\/\/agora.xtec.cat\/escolalavilapalamos\/general\/que-es-un-repte-cooperatiu\/\" title=\"Read Qu\u00e8 \u00e9s un repte cooperatiu?\">Llegeix m\u00e9s\u00bb<\/a><\/p>\n","protected":false},"author":46,"featured_media":11729,"comment_status":"open","ping_status":"closed","sticky":false,"template":"","format":"standard","meta":{"_bbp_topic_count":0,"_bbp_reply_count":0,"_bbp_total_topic_count":0,"_bbp_total_reply_count":0,"_bbp_voice_count":0,"_bbp_anonymous_reply_count":0,"_bbp_topic_count_hidden":0,"_bbp_reply_count_hidden":0,"_bbp_forum_subforum_count":0,"footnotes":""},"categories":[1,4],"tags":[],"class_list":["post-11689","post","type-post","status-publish","format-standard","has-post-thumbnail","hentry","category-general","category-portada"],"post_mailing_queue_ids":[],"_links":{"self":[{"href":"https:\/\/agora.xtec.cat\/escolalavilapalamos\/wp-json\/wp\/v2\/posts\/11689","targetHints":{"allow":["GET"]}}],"collection":[{"href":"https:\/\/agora.xtec.cat\/escolalavilapalamos\/wp-json\/wp\/v2\/posts"}],"about":[{"href":"https:\/\/agora.xtec.cat\/escolalavilapalamos\/wp-json\/wp\/v2\/types\/post"}],"author":[{"embeddable":true,"href":"https:\/\/agora.xtec.cat\/escolalavilapalamos\/wp-json\/wp\/v2\/users\/46"}],"replies":[{"embeddable":true,"href":"https:\/\/agora.xtec.cat\/escolalavilapalamos\/wp-json\/wp\/v2\/comments?post=11689"}],"version-history":[{"count":3,"href":"https:\/\/agora.xtec.cat\/escolalavilapalamos\/wp-json\/wp\/v2\/posts\/11689\/revisions"}],"predecessor-version":[{"id":11730,"href":"https:\/\/agora.xtec.cat\/escolalavilapalamos\/wp-json\/wp\/v2\/posts\/11689\/revisions\/11730"}],"wp:featuredmedia":[{"embeddable":true,"href":"https:\/\/agora.xtec.cat\/escolalavilapalamos\/wp-json\/wp\/v2\/media\/11729"}],"wp:attachment":[{"href":"https:\/\/agora.xtec.cat\/escolalavilapalamos\/wp-json\/wp\/v2\/media?parent=11689"}],"wp:term":[{"taxonomy":"category","embeddable":true,"href":"https:\/\/agora.xtec.cat\/escolalavilapalamos\/wp-json\/wp\/v2\/categories?post=11689"},{"taxonomy":"post_tag","embeddable":true,"href":"https:\/\/agora.xtec.cat\/escolalavilapalamos\/wp-json\/wp\/v2\/tags?post=11689"}],"curies":[{"name":"wp","href":"https:\/\/api.w.org\/{rel}","templated":true}]}}