{"id":11679,"date":"2022-05-30T15:29:41","date_gmt":"2022-05-30T13:29:41","guid":{"rendered":"https:\/\/agora.xtec.cat\/escolalavilapalamos\/?p=11679"},"modified":"2022-05-30T15:31:57","modified_gmt":"2022-05-30T13:31:57","slug":"jornada-continuada-4","status":"publish","type":"post","link":"https:\/\/agora.xtec.cat\/escolalavilapalamos\/general\/jornada-continuada-4\/","title":{"rendered":"Jornada continuada"},"content":{"rendered":"<p><a href=\"http:\/\/agora.xtec.cat\/escolalavilapalamos\/wp-content\/uploads\/usu897\/2017\/05\/set-de-playa-con-cubo-pala-y-rastrillo-junior.jpg\"><img loading=\"lazy\" decoding=\"async\" class=\"wp-image-1597 alignright\" src=\"http:\/\/agora.xtec.cat\/escolalavilapalamos\/wp-content\/uploads\/usu897\/2017\/05\/set-de-playa-con-cubo-pala-y-rastrillo-junior.jpg\" alt=\"set-de-playa-con-cubo-pala-y-rastrillo-junior\" width=\"300\" height=\"300\" srcset=\"https:\/\/agora.xtec.cat\/escolalavilapalamos\/wp-content\/uploads\/usu897\/2017\/05\/set-de-playa-con-cubo-pala-y-rastrillo-junior.jpg 600w, https:\/\/agora.xtec.cat\/escolalavilapalamos\/wp-content\/uploads\/usu897\/2017\/05\/set-de-playa-con-cubo-pala-y-rastrillo-junior-150x150.jpg 150w, https:\/\/agora.xtec.cat\/escolalavilapalamos\/wp-content\/uploads\/usu897\/2017\/05\/set-de-playa-con-cubo-pala-y-rastrillo-junior-300x300.jpg 300w\" sizes=\"auto, (max-width: 300px) 100vw, 300px\" \/><\/a>A partir de <strong>dimarts 7 de juny<\/strong> es far\u00e0 <strong>jornada continuada al mat\u00ed<\/strong>, tal i com es va aprovar en el Consell Escolar de centre.\u00a0 <strong>A la tarda no hi haur\u00e0 classe<\/strong>.<\/p>\n<p>L\u2019horari ser\u00e0 de 8:30 a 12:30h. <strong>per a tothom<\/strong>, a Infantil i a Prim\u00e0ria.<\/p>\n<p>L\u2019AMPA continua mantenint el <strong>servei d\u2019acollida<\/strong> de 7:45 a 8:30h. i de 12:30 a 13:15h.<\/p>\n<p>El <strong>servei de menjador<\/strong> finalitzar\u00e0 a les 15:00h. Es podr\u00e0 comen\u00e7ar a recollir als\/a les nens\/es de la comunitat de petits i mitjans a les 14:45h, per la porta principal de l\u2019escola (edifici nou). Les\/els noies\/s de la comunitat de grans sortiran pel portal verd.<\/p>\n<h5><strong>Les classes finalitzen dimarts 21 de juny de 2022<\/strong><\/h5>\n","protected":false},"excerpt":{"rendered":"<p><a href=\"http:\/\/agora.xtec.cat\/escolalavilapalamos\/wp-content\/uploads\/usu897\/2017\/05\/set-de-playa-con-cubo-pala-y-rastrillo-junior.jpg\"><\/a>A partir de dimarts 7 de juny es far\u00e0 jornada continuada al mat\u00ed, tal i com es va aprovar en el Consell Escolar de centre.\u00a0 A la tarda no hi haur\u00e0 classe.<br \/>\nL\u2019horari ser\u00e0 de 8:30 a 12:30h. per a tothom, a Infantil i a&hellip;  <a href=\"https:\/\/agora.xtec.cat\/escolalavilapalamos\/general\/jornada-continuada-4\/\" title=\"Read Jornada continuada\">Llegeix m\u00e9s\u00bb<\/a><\/p>\n","protected":false},"author":1,"featured_media":1597,"comment_status":"open","ping_status":"closed","sticky":false,"template":"","format":"standard","meta":{"_bbp_topic_count":0,"_bbp_reply_count":0,"_bbp_total_topic_count":0,"_bbp_total_reply_count":0,"_bbp_voice_count":0,"_bbp_anonymous_reply_count":0,"_bbp_topic_count_hidden":0,"_bbp_reply_count_hidden":0,"_bbp_forum_subforum_count":0,"footnotes":""},"categories":[7,1,4],"tags":[],"class_list":["post-11679","post","type-post","status-publish","format-standard","has-post-thumbnail","hentry","category-ampa","category-general","category-portada"],"post_mailing_queue_ids":[],"_links":{"self":[{"href":"https:\/\/agora.xtec.cat\/escolalavilapalamos\/wp-json\/wp\/v2\/posts\/11679","targetHints":{"allow":["GET"]}}],"collection":[{"href":"https:\/\/agora.xtec.cat\/escolalavilapalamos\/wp-json\/wp\/v2\/posts"}],"about":[{"href":"https:\/\/agora.xtec.cat\/escolalavilapalamos\/wp-json\/wp\/v2\/types\/post"}],"author":[{"embeddable":true,"href":"https:\/\/agora.xtec.cat\/escolalavilapalamos\/wp-json\/wp\/v2\/users\/1"}],"replies":[{"embeddable":true,"href":"https:\/\/agora.xtec.cat\/escolalavilapalamos\/wp-json\/wp\/v2\/comments?post=11679"}],"version-history":[{"count":1,"href":"https:\/\/agora.xtec.cat\/escolalavilapalamos\/wp-json\/wp\/v2\/posts\/11679\/revisions"}],"predecessor-version":[{"id":11680,"href":"https:\/\/agora.xtec.cat\/escolalavilapalamos\/wp-json\/wp\/v2\/posts\/11679\/revisions\/11680"}],"wp:featuredmedia":[{"embeddable":true,"href":"https:\/\/agora.xtec.cat\/escolalavilapalamos\/wp-json\/wp\/v2\/media\/1597"}],"wp:attachment":[{"href":"https:\/\/agora.xtec.cat\/escolalavilapalamos\/wp-json\/wp\/v2\/media?parent=11679"}],"wp:term":[{"taxonomy":"category","embeddable":true,"href":"https:\/\/agora.xtec.cat\/escolalavilapalamos\/wp-json\/wp\/v2\/categories?post=11679"},{"taxonomy":"post_tag","embeddable":true,"href":"https:\/\/agora.xtec.cat\/escolalavilapalamos\/wp-json\/wp\/v2\/tags?post=11679"}],"curies":[{"name":"wp","href":"https:\/\/api.w.org\/{rel}","templated":true}]}}