{"id":11633,"date":"2022-05-27T11:20:56","date_gmt":"2022-05-27T09:20:56","guid":{"rendered":"https:\/\/agora.xtec.cat\/escolalavilapalamos\/?p=11633"},"modified":"2022-05-30T15:42:53","modified_gmt":"2022-05-30T13:42:53","slug":"p4-i-p5-hem-anat-de-colonies-s","status":"publish","type":"post","link":"https:\/\/agora.xtec.cat\/escolalavilapalamos\/general\/p4-i-p5-hem-anat-de-colonies-s\/","title":{"rendered":"P4 i P5 hem anat de col\u00f2nies !!!!"},"content":{"rendered":"<p style=\"text-align: justify;\"><img loading=\"lazy\" decoding=\"async\" class=\"wp-image-11634 alignleft\" src=\"https:\/\/agora.xtec.cat\/escolalavilapalamos\/wp-content\/uploads\/usu897\/2022\/05\/20220523_182950.jpg\" alt=\"\" width=\"543\" height=\"407\" srcset=\"https:\/\/agora.xtec.cat\/escolalavilapalamos\/wp-content\/uploads\/usu897\/2022\/05\/20220523_182950.jpg 1672w, https:\/\/agora.xtec.cat\/escolalavilapalamos\/wp-content\/uploads\/usu897\/2022\/05\/20220523_182950-300x225.jpg 300w, https:\/\/agora.xtec.cat\/escolalavilapalamos\/wp-content\/uploads\/usu897\/2022\/05\/20220523_182950-1024x768.jpg 1024w, https:\/\/agora.xtec.cat\/escolalavilapalamos\/wp-content\/uploads\/usu897\/2022\/05\/20220523_182950-768x576.jpg 768w, https:\/\/agora.xtec.cat\/escolalavilapalamos\/wp-content\/uploads\/usu897\/2022\/05\/20220523_182950-1536x1152.jpg 1536w, https:\/\/agora.xtec.cat\/escolalavilapalamos\/wp-content\/uploads\/usu897\/2022\/05\/20220523_182950-200x150.jpg 200w\" sizes=\"auto, (max-width: 543px) 100vw, 543px\" \/>Els nens i nenes de P4 i P5 per fi hem pogut anar de col\u00f2nies.<\/p>\n<p style=\"text-align: justify;\">Hem anat a La Granja de Santa Maria de Palautordera. All\u00e0 ens ho hem passat molt b\u00e9 gaudint de la natura i fent moltes activitats amb uns monitors molt divertits.<\/p>\n<p style=\"text-align: justify;\">El fil conductor de les activitats de P4 ha sigut Els animals de la Granja. I a P5 han gaudit\u00a0 d&#8217;activitats al voltant del tema La Tribu. Tant en unes activitats com a les altres estaven en un m\u00f3n envoltat de natura, d\u2019animals i de cavalls, de m\u00e0gia i de llibertat on tot \u00e9s possible. Un m\u00f3n on l\u2019educaci\u00f3 emocional \u00e9s l\u2019eina per educar, i on la conviv\u00e8ncia ser\u00e0 una experi\u00e8ncia positiva que recordaran sempre.<\/p>\n<p>Han sigut 2 dies\u00a0 i una nit molt emocionants, on hem gaudit molt tots plegats!!!!<\/p>\n<p>Podeu veure <a href=\"https:\/\/photos.app.goo.gl\/SZnkZ8hjxQLBfYLi9\">totes les fotos de les col\u00f2nies<\/a><\/p>\n","protected":false},"excerpt":{"rendered":"<p>Els nens i nenes de P4 i P5 per fi hem pogut anar de col\u00f2nies.<br \/>\nHem anat a La Granja de Santa Maria de Palautordera. All\u00e0 ens ho hem passat molt b\u00e9 gaudint de la natura i fent moltes activitats amb uns monitors molt divertits.<br \/>\nEl fil&hellip;  <a href=\"https:\/\/agora.xtec.cat\/escolalavilapalamos\/general\/p4-i-p5-hem-anat-de-colonies-s\/\" title=\"Read P4 i P5 hem anat de col\u00f2nies !!!!\">Llegeix m\u00e9s\u00bb<\/a><\/p>\n","protected":false},"author":128,"featured_media":11634,"comment_status":"open","ping_status":"closed","sticky":false,"template":"","format":"standard","meta":{"_bbp_topic_count":0,"_bbp_reply_count":0,"_bbp_total_topic_count":0,"_bbp_total_reply_count":0,"_bbp_voice_count":0,"_bbp_anonymous_reply_count":0,"_bbp_topic_count_hidden":0,"_bbp_reply_count_hidden":0,"_bbp_forum_subforum_count":0,"footnotes":""},"categories":[2,1,4],"tags":[],"class_list":["post-11633","post","type-post","status-publish","format-standard","has-post-thumbnail","hentry","category-infantil","category-general","category-portada"],"post_mailing_queue_ids":[],"_links":{"self":[{"href":"https:\/\/agora.xtec.cat\/escolalavilapalamos\/wp-json\/wp\/v2\/posts\/11633","targetHints":{"allow":["GET"]}}],"collection":[{"href":"https:\/\/agora.xtec.cat\/escolalavilapalamos\/wp-json\/wp\/v2\/posts"}],"about":[{"href":"https:\/\/agora.xtec.cat\/escolalavilapalamos\/wp-json\/wp\/v2\/types\/post"}],"author":[{"embeddable":true,"href":"https:\/\/agora.xtec.cat\/escolalavilapalamos\/wp-json\/wp\/v2\/users\/128"}],"replies":[{"embeddable":true,"href":"https:\/\/agora.xtec.cat\/escolalavilapalamos\/wp-json\/wp\/v2\/comments?post=11633"}],"version-history":[{"count":3,"href":"https:\/\/agora.xtec.cat\/escolalavilapalamos\/wp-json\/wp\/v2\/posts\/11633\/revisions"}],"predecessor-version":[{"id":11681,"href":"https:\/\/agora.xtec.cat\/escolalavilapalamos\/wp-json\/wp\/v2\/posts\/11633\/revisions\/11681"}],"wp:featuredmedia":[{"embeddable":true,"href":"https:\/\/agora.xtec.cat\/escolalavilapalamos\/wp-json\/wp\/v2\/media\/11634"}],"wp:attachment":[{"href":"https:\/\/agora.xtec.cat\/escolalavilapalamos\/wp-json\/wp\/v2\/media?parent=11633"}],"wp:term":[{"taxonomy":"category","embeddable":true,"href":"https:\/\/agora.xtec.cat\/escolalavilapalamos\/wp-json\/wp\/v2\/categories?post=11633"},{"taxonomy":"post_tag","embeddable":true,"href":"https:\/\/agora.xtec.cat\/escolalavilapalamos\/wp-json\/wp\/v2\/tags?post=11633"}],"curies":[{"name":"wp","href":"https:\/\/api.w.org\/{rel}","templated":true}]}}