{"id":11590,"date":"2022-05-30T13:20:25","date_gmt":"2022-05-30T11:20:25","guid":{"rendered":"https:\/\/agora.xtec.cat\/escolalavilapalamos\/?p=11590"},"modified":"2022-05-30T13:20:25","modified_gmt":"2022-05-30T11:20:25","slug":"turistic-challenge-palamos","status":"publish","type":"post","link":"https:\/\/agora.xtec.cat\/escolalavilapalamos\/general\/turistic-challenge-palamos\/","title":{"rendered":"Turistic challenge Palam\u00f3s"},"content":{"rendered":"<p><img loading=\"lazy\" decoding=\"async\" class=\"wp-image-11674 alignright\" src=\"https:\/\/agora.xtec.cat\/escolalavilapalamos\/wp-content\/uploads\/usu897\/2022\/05\/IMG_1580-50.jpg\" alt=\"\" width=\"419\" height=\"314\" srcset=\"https:\/\/agora.xtec.cat\/escolalavilapalamos\/wp-content\/uploads\/usu897\/2022\/05\/IMG_1580-50.jpg 2016w, https:\/\/agora.xtec.cat\/escolalavilapalamos\/wp-content\/uploads\/usu897\/2022\/05\/IMG_1580-50-300x225.jpg 300w, https:\/\/agora.xtec.cat\/escolalavilapalamos\/wp-content\/uploads\/usu897\/2022\/05\/IMG_1580-50-1024x768.jpg 1024w, https:\/\/agora.xtec.cat\/escolalavilapalamos\/wp-content\/uploads\/usu897\/2022\/05\/IMG_1580-50-768x576.jpg 768w, https:\/\/agora.xtec.cat\/escolalavilapalamos\/wp-content\/uploads\/usu897\/2022\/05\/IMG_1580-50-1536x1152.jpg 1536w, https:\/\/agora.xtec.cat\/escolalavilapalamos\/wp-content\/uploads\/usu897\/2022\/05\/IMG_1580-50-200x150.jpg 200w\" sizes=\"auto, (max-width: 419px) 100vw, 419px\" \/>Durant aquest mes de maig, els nens i nenes de 5\u00e8 hem participat en un projecte educatiu anomenat <strong>Turistic Challenge Palam\u00f3s,<\/strong> creat i dirigit per la <em>Fundaci\u00f3 privada per la creativaci\u00f3.<\/em><\/p>\n<p>Aquest ha estat un projecte que els nens i nenes han gaudit molt, on han hagut d&#8217;idear una proposta tecnol\u00f2gica i sostenible per promocionar i millorar el turisme a Palam\u00f3s. Durant el proc\u00e9s han hagut d&#8217;anar evolucionant, analitzant i millorant la seva idea fins a prototipar-la i comunicar-la. Han treballat de valent i han sortit propostes molt interessants.<\/p>\n<p>Finalment, el dimarts 17 de maig vam fer una sortida la platja de la Fosca on vam fer una gimcana tecnol\u00f2gica.<\/p>\n<p>Podeu veure totes <a href=\"https:\/\/photos.app.goo.gl\/595zThqfDDv3d6jB7\">les fotos de l&#8217;activitat aqu\u00ed<\/a><\/p>\n","protected":false},"excerpt":{"rendered":"<p>Durant aquest mes de maig, els nens i nenes de 5\u00e8 hem participat en un projecte educatiu anomenat Turistic Challenge Palam\u00f3s, creat i dirigit per la Fundaci\u00f3 privada per la creativaci\u00f3.<br \/>\nAquest ha estat un projecte que els nens i nenes han gaudit molt, on han&hellip;  <a href=\"https:\/\/agora.xtec.cat\/escolalavilapalamos\/general\/turistic-challenge-palamos\/\" title=\"Read Turistic challenge Palam\u00f3s\">Llegeix m\u00e9s\u00bb<\/a><\/p>\n","protected":false},"author":132,"featured_media":11674,"comment_status":"open","ping_status":"closed","sticky":false,"template":"","format":"standard","meta":{"_bbp_topic_count":0,"_bbp_reply_count":0,"_bbp_total_topic_count":0,"_bbp_total_reply_count":0,"_bbp_voice_count":0,"_bbp_anonymous_reply_count":0,"_bbp_topic_count_hidden":0,"_bbp_reply_count_hidden":0,"_bbp_forum_subforum_count":0,"footnotes":""},"categories":[128,1,4],"tags":[],"class_list":["post-11590","post","type-post","status-publish","format-standard","has-post-thumbnail","hentry","category-comunitat-de-grans","category-general","category-portada"],"post_mailing_queue_ids":[],"_links":{"self":[{"href":"https:\/\/agora.xtec.cat\/escolalavilapalamos\/wp-json\/wp\/v2\/posts\/11590","targetHints":{"allow":["GET"]}}],"collection":[{"href":"https:\/\/agora.xtec.cat\/escolalavilapalamos\/wp-json\/wp\/v2\/posts"}],"about":[{"href":"https:\/\/agora.xtec.cat\/escolalavilapalamos\/wp-json\/wp\/v2\/types\/post"}],"author":[{"embeddable":true,"href":"https:\/\/agora.xtec.cat\/escolalavilapalamos\/wp-json\/wp\/v2\/users\/132"}],"replies":[{"embeddable":true,"href":"https:\/\/agora.xtec.cat\/escolalavilapalamos\/wp-json\/wp\/v2\/comments?post=11590"}],"version-history":[{"count":3,"href":"https:\/\/agora.xtec.cat\/escolalavilapalamos\/wp-json\/wp\/v2\/posts\/11590\/revisions"}],"predecessor-version":[{"id":11677,"href":"https:\/\/agora.xtec.cat\/escolalavilapalamos\/wp-json\/wp\/v2\/posts\/11590\/revisions\/11677"}],"wp:featuredmedia":[{"embeddable":true,"href":"https:\/\/agora.xtec.cat\/escolalavilapalamos\/wp-json\/wp\/v2\/media\/11674"}],"wp:attachment":[{"href":"https:\/\/agora.xtec.cat\/escolalavilapalamos\/wp-json\/wp\/v2\/media?parent=11590"}],"wp:term":[{"taxonomy":"category","embeddable":true,"href":"https:\/\/agora.xtec.cat\/escolalavilapalamos\/wp-json\/wp\/v2\/categories?post=11590"},{"taxonomy":"post_tag","embeddable":true,"href":"https:\/\/agora.xtec.cat\/escolalavilapalamos\/wp-json\/wp\/v2\/tags?post=11590"}],"curies":[{"name":"wp","href":"https:\/\/api.w.org\/{rel}","templated":true}]}}